{"id":31854,"date":"2021-01-13T11:36:19","date_gmt":"2021-01-13T10:36:19","guid":{"rendered":"https:\/\/www.rinklin-naturkost.de\/blog\/2021\/01\/13\/juergen-landmann-gemuesebau-landmann\/"},"modified":"2024-12-02T12:08:04","modified_gmt":"2024-12-02T11:08:04","slug":"juergen-landmann-gemuesebau-landmann","status":"publish","type":"post","link":"https:\/\/www.rinklin-naturkost.de\/fr\/blog\/2021\/01\/13\/juergen-landmann-gemuesebau-landmann\/","title":{"rendered":"J\u00fcrgen Landmann \u2013 Gem\u00fcsebau Landmann"},"content":{"rendered":"<section class=\"l-section wpb_row height_medium mpc-row\"><div class=\"l-section-h i-cf\"><div class=\"g-cols vc_row via_flex valign_middle type_default stacking_default\"><div class=\"vc_col-sm-2\/5 wpb_column vc_column_container mpc-column\" data-column-id=\"mpc_column-8269f4032814618\"><div class=\"vc_column-inner\"><div class=\"wpb_wrapper\"><div class=\"w-image us_custom_45004b9e align_none\"><div class=\"w-image-h\"><img decoding=\"async\" width=\"1200\" height=\"1148\" src=\"https:\/\/www.rinklin-naturkost.de\/wp-content\/uploads\/2021\/01\/Landmann-1.jpg\" class=\"attachment-full size-full\" alt=\"\" loading=\"lazy\" srcset=\"https:\/\/www.rinklin-naturkost.de\/wp-content\/uploads\/2021\/01\/Landmann-1.jpg 1200w, https:\/\/www.rinklin-naturkost.de\/wp-content\/uploads\/2021\/01\/Landmann-1-300x287.jpg 300w, https:\/\/www.rinklin-naturkost.de\/wp-content\/uploads\/2021\/01\/Landmann-1-600x574.jpg 600w, https:\/\/www.rinklin-naturkost.de\/wp-content\/uploads\/2021\/01\/Landmann-1-768x735.jpg 768w\" sizes=\"auto, (max-width: 1200px) 100vw, 1200px\"><\/div><\/div><\/div><\/div><\/div><div class=\"vc_col-sm-3\/5 wpb_column vc_column_container mpc-column\" data-column-id=\"mpc_column-3269f4032814b85\"><div class=\"vc_column-inner\"><div class=\"wpb_wrapper\"><div class=\"wpb_text_column\"><div class=\"wpb_wrapper\"><h4>J&uuml;rgen Landmann &ndash; Gem&uuml;sebau Landmann<\/h4>\n<blockquote>\n<p>Sehr bemerkenswert finde ich den Einsatz von Rinklin gemeinsam L&ouml;sungen zur Vermarktung zu finden, beispielsweise bei zu kleinen Spargelstangen.<\/p>\n<\/blockquote>\n<p>J&uuml;rgen Landmann in 79112 Freiburg-Waltershofen ist Partnerbetrieb von Rinklin Naturkost seit 2008.<\/p>\n<\/div><\/div><\/div><\/div><\/div><\/div><\/div><\/section><section class=\"l-section wpb_row height_medium mpc-row\"><div class=\"l-section-h i-cf\"><div class=\"g-cols vc_row via_flex valign_top type_default stacking_default\"><div class=\"vc_col-sm-12 wpb_column vc_column_container mpc-column\" data-column-id=\"mpc_column-2869f4032815db3\"><div class=\"vc_column-inner\"><div class=\"wpb_wrapper\"><div class=\"wpb_text_column\"><div class=\"wpb_wrapper\"><h5>In diesen Monaten bekommen wir Produkte von unserem Partner J&uuml;rgen Landmann:<\/h5>\n<\/div><\/div><div class=\"w-separator size_custom\" style=\"height:30px\"><\/div><div class=\"w-image align_left\"><div class=\"w-image-h\"><img decoding=\"async\" width=\"1200\" height=\"800\" src=\"https:\/\/www.rinklin-naturkost.de\/wp-content\/uploads\/2021\/01\/RNK_OuG-Liefertabelle_Landmann-1.png\" class=\"attachment-full size-full\" alt=\"\" loading=\"lazy\" srcset=\"https:\/\/www.rinklin-naturkost.de\/wp-content\/uploads\/2021\/01\/RNK_OuG-Liefertabelle_Landmann-1.png 1200w, https:\/\/www.rinklin-naturkost.de\/wp-content\/uploads\/2021\/01\/RNK_OuG-Liefertabelle_Landmann-1-300x200.png 300w, https:\/\/www.rinklin-naturkost.de\/wp-content\/uploads\/2021\/01\/RNK_OuG-Liefertabelle_Landmann-1-600x400.png 600w, https:\/\/www.rinklin-naturkost.de\/wp-content\/uploads\/2021\/01\/RNK_OuG-Liefertabelle_Landmann-1-768x512.png 768w\" sizes=\"auto, (max-width: 1200px) 100vw, 1200px\"><\/div><\/div><div class=\"w-separator size_custom\" style=\"height:30px\"><\/div><\/div><\/div><\/div><\/div><\/div><\/section><section class=\"l-section wpb_row height_medium mpc-row\"><div class=\"l-section-h i-cf\"><div class=\"g-cols vc_row via_flex valign_top type_default stacking_default\"><div class=\"vc_col-sm-3 wpb_column vc_column_container mpc-column\" data-column-id=\"mpc_column-5869f40328161d5\"><div class=\"vc_column-inner\"><div class=\"wpb_wrapper\"><a href=\"\/lieferanten\" title=\"\" data-id=\"mpc_button-7369f4032816152\" class=\"mpc-button mpc-init mpc-transition \"><div class=\"mpc-button__content mpc-effect-type--stay mpc-effect-side--left\"><i class=\"mpc-button__icon mpc-transition  fa fa-users\"><\/i><span class=\"mpc-button__title mpc-transition\">alle Lieferanten<\/span><\/div><div class=\"mpc-button__background mpc-transition mpc-effect-type--fade mpc-effect-side--in\"><\/div><\/a><\/div><\/div><\/div><div class=\"vc_col-sm-9 wpb_column vc_column_container mpc-column\" data-column-id=\"mpc_column-869f403281637f\"><div class=\"vc_column-inner\"><div class=\"wpb_wrapper\"><a href=\"https:\/\/www.rinklin-naturkost.de\/obst-gemuese\/\" title=\"Obst und Gem&uuml;se\" data-id=\"mpc_button-6269f4032816314\" class=\"mpc-button mpc-init mpc-transition \"><div class=\"mpc-button__content mpc-effect-type--stay mpc-effect-side--left\"><i class=\"mpc-button__icon mpc-transition  fa fa-pagelines\"><\/i><span class=\"mpc-button__title mpc-transition\">Wir lieben Regional! Unser Obst und Gem&uuml;se<\/span><\/div><div class=\"mpc-button__background mpc-transition mpc-effect-type--fade mpc-effect-side--in\"><\/div><\/a><\/div><\/div><\/div><\/div><\/div><\/section>\n","protected":false},"excerpt":{"rendered":"<p>Sehr bemerkenswert finde ich den Einsatz von Rinklin gemeinsam L\u00f6sungen zur Vermarktung zu finden, beispielsweise bei zu kleinen Spargelstangen.<\/p>\n","protected":false},"author":4,"featured_media":18321,"comment_status":"closed","ping_status":"closed","sticky":false,"template":"","format":"standard","meta":{"footnotes":""},"categories":[337],"tags":[452],"class_list":["post-31854","post","type-post","status-publish","format-standard","has-post-thumbnail","hentry","category-fournisseurs","tag-spargel-fr"],"yoast_head":"<!-- This site is optimized with the Yoast SEO plugin v24.6 - https:\/\/yoast.com\/wordpress\/plugins\/seo\/ -->\n<title>J\u00fcrgen Landmann \u2013 Gem\u00fcsebau Landmann - Rinklin Naturkost<\/title>\n<meta name=\"robots\" content=\"index, follow, max-snippet:-1, max-image-preview:large, max-video-preview:-1\" \/>\n<link rel=\"canonical\" href=\"https:\/\/www.rinklin-naturkost.de\/fr\/blog\/2021\/01\/13\/juergen-landmann-gemuesebau-landmann\/\" \/>\n<meta property=\"og:locale\" content=\"fr_FR\" \/>\n<meta property=\"og:type\" content=\"article\" \/>\n<meta property=\"og:title\" content=\"J\u00fcrgen Landmann \u2013 Gem\u00fcsebau Landmann - Rinklin Naturkost\" \/>\n<meta property=\"og:description\" content=\"Sehr bemerkenswert finde ich den Einsatz von Rinklin gemeinsam L\u00f6sungen zur Vermarktung zu finden, beispielsweise bei zu kleinen Spargelstangen.\" \/>\n<meta property=\"og:url\" content=\"https:\/\/www.rinklin-naturkost.de\/fr\/blog\/2021\/01\/13\/juergen-landmann-gemuesebau-landmann\/\" \/>\n<meta property=\"og:site_name\" content=\"Rinklin Naturkost\" \/>\n<meta property=\"article:published_time\" content=\"2021-01-13T10:36:19+00:00\" \/>\n<meta property=\"article:modified_time\" content=\"2024-12-02T11:08:04+00:00\" \/>\n<meta property=\"og:image\" content=\"https:\/\/www.rinklin-naturkost.de\/wp-content\/uploads\/2021\/01\/Landmann-1.jpg\" \/>\n\t<meta property=\"og:image:width\" content=\"1200\" \/>\n\t<meta property=\"og:image:height\" content=\"1148\" \/>\n\t<meta property=\"og:image:type\" content=\"image\/jpeg\" \/>\n<meta name=\"author\" content=\"Kathrin Ziebold\" \/>\n<meta name=\"twitter:card\" content=\"summary_large_image\" \/>\n<meta name=\"twitter:label1\" content=\"\u00c9crit par\" \/>\n\t<meta name=\"twitter:data1\" content=\"Kathrin Ziebold\" \/>\n\t<meta name=\"twitter:label2\" content=\"Dur\u00e9e de lecture estim\u00e9e\" \/>\n\t<meta name=\"twitter:data2\" content=\"1 minute\" \/>\n<script type=\"application\/ld+json\" class=\"yoast-schema-graph\">{\"@context\":\"https:\/\/schema.org\",\"@graph\":[{\"@type\":\"WebPage\",\"@id\":\"https:\/\/www.rinklin-naturkost.de\/fr\/blog\/2021\/01\/13\/juergen-landmann-gemuesebau-landmann\/\",\"url\":\"https:\/\/www.rinklin-naturkost.de\/fr\/blog\/2021\/01\/13\/juergen-landmann-gemuesebau-landmann\/\",\"name\":\"J\u00fcrgen Landmann \u2013 Gem\u00fcsebau Landmann - Rinklin Naturkost\",\"isPartOf\":{\"@id\":\"https:\/\/www.rinklin-naturkost.de\/#website\"},\"primaryImageOfPage\":{\"@id\":\"https:\/\/www.rinklin-naturkost.de\/fr\/blog\/2021\/01\/13\/juergen-landmann-gemuesebau-landmann\/#primaryimage\"},\"image\":{\"@id\":\"https:\/\/www.rinklin-naturkost.de\/fr\/blog\/2021\/01\/13\/juergen-landmann-gemuesebau-landmann\/#primaryimage\"},\"thumbnailUrl\":\"https:\/\/www.rinklin-naturkost.de\/wp-content\/uploads\/2021\/01\/Landmann-1.jpg\",\"datePublished\":\"2021-01-13T10:36:19+00:00\",\"dateModified\":\"2024-12-02T11:08:04+00:00\",\"author\":{\"@id\":\"https:\/\/www.rinklin-naturkost.de\/#\/schema\/person\/284fdcb425bb2a0e113babcb6880df74\"},\"breadcrumb\":{\"@id\":\"https:\/\/www.rinklin-naturkost.de\/fr\/blog\/2021\/01\/13\/juergen-landmann-gemuesebau-landmann\/#breadcrumb\"},\"inLanguage\":\"fr-FR\",\"potentialAction\":[{\"@type\":\"ReadAction\",\"target\":[\"https:\/\/www.rinklin-naturkost.de\/fr\/blog\/2021\/01\/13\/juergen-landmann-gemuesebau-landmann\/\"]}]},{\"@type\":\"ImageObject\",\"inLanguage\":\"fr-FR\",\"@id\":\"https:\/\/www.rinklin-naturkost.de\/fr\/blog\/2021\/01\/13\/juergen-landmann-gemuesebau-landmann\/#primaryimage\",\"url\":\"https:\/\/www.rinklin-naturkost.de\/wp-content\/uploads\/2021\/01\/Landmann-1.jpg\",\"contentUrl\":\"https:\/\/www.rinklin-naturkost.de\/wp-content\/uploads\/2021\/01\/Landmann-1.jpg\",\"width\":1200,\"height\":1148},{\"@type\":\"BreadcrumbList\",\"@id\":\"https:\/\/www.rinklin-naturkost.de\/fr\/blog\/2021\/01\/13\/juergen-landmann-gemuesebau-landmann\/#breadcrumb\",\"itemListElement\":[{\"@type\":\"ListItem\",\"position\":1,\"name\":\"Accueil\",\"item\":\"https:\/\/www.rinklin-naturkost.de\/fr\/\"},{\"@type\":\"ListItem\",\"position\":2,\"name\":\"J\u00fcrgen Landmann \u2013 Gem\u00fcsebau Landmann\"}]},{\"@type\":\"WebSite\",\"@id\":\"https:\/\/www.rinklin-naturkost.de\/#website\",\"url\":\"https:\/\/www.rinklin-naturkost.de\/\",\"name\":\"Rinklin Naturkost\",\"description\":\"Der Bio-Gro\u00dfh\u00e4ndler vom Kaiserstuhl\",\"potentialAction\":[{\"@type\":\"SearchAction\",\"target\":{\"@type\":\"EntryPoint\",\"urlTemplate\":\"https:\/\/www.rinklin-naturkost.de\/?s={search_term_string}\"},\"query-input\":{\"@type\":\"PropertyValueSpecification\",\"valueRequired\":true,\"valueName\":\"search_term_string\"}}],\"inLanguage\":\"fr-FR\"},{\"@type\":\"Person\",\"@id\":\"https:\/\/www.rinklin-naturkost.de\/#\/schema\/person\/284fdcb425bb2a0e113babcb6880df74\",\"name\":\"Kathrin Ziebold\",\"image\":{\"@type\":\"ImageObject\",\"inLanguage\":\"fr-FR\",\"@id\":\"https:\/\/www.rinklin-naturkost.de\/#\/schema\/person\/image\/\",\"url\":\"https:\/\/secure.gravatar.com\/avatar\/29e68b8f2f4406e88dc003b2f9263153?s=96&d=mm&r=g\",\"contentUrl\":\"https:\/\/secure.gravatar.com\/avatar\/29e68b8f2f4406e88dc003b2f9263153?s=96&d=mm&r=g\",\"caption\":\"Kathrin Ziebold\"},\"url\":\"https:\/\/www.rinklin-naturkost.de\/fr\/blog\/author\/k-ziebold\/\"}]}<\/script>\n<!-- \/ Yoast SEO plugin. -->","yoast_head_json":{"title":"J\u00fcrgen Landmann \u2013 Gem\u00fcsebau Landmann - Rinklin Naturkost","robots":{"index":"index","follow":"follow","max-snippet":"max-snippet:-1","max-image-preview":"max-image-preview:large","max-video-preview":"max-video-preview:-1"},"canonical":"https:\/\/www.rinklin-naturkost.de\/fr\/blog\/2021\/01\/13\/juergen-landmann-gemuesebau-landmann\/","og_locale":"fr_FR","og_type":"article","og_title":"J\u00fcrgen Landmann \u2013 Gem\u00fcsebau Landmann - Rinklin Naturkost","og_description":"Sehr bemerkenswert finde ich den Einsatz von Rinklin gemeinsam L\u00f6sungen zur Vermarktung zu finden, beispielsweise bei zu kleinen Spargelstangen.","og_url":"https:\/\/www.rinklin-naturkost.de\/fr\/blog\/2021\/01\/13\/juergen-landmann-gemuesebau-landmann\/","og_site_name":"Rinklin Naturkost","article_published_time":"2021-01-13T10:36:19+00:00","article_modified_time":"2024-12-02T11:08:04+00:00","og_image":[{"width":1200,"height":1148,"url":"https:\/\/www.rinklin-naturkost.de\/wp-content\/uploads\/2021\/01\/Landmann-1.jpg","type":"image\/jpeg"}],"author":"Kathrin Ziebold","twitter_card":"summary_large_image","twitter_misc":{"\u00c9crit par":"Kathrin Ziebold","Dur\u00e9e de lecture estim\u00e9e":"1 minute"},"schema":{"@context":"https:\/\/schema.org","@graph":[{"@type":"WebPage","@id":"https:\/\/www.rinklin-naturkost.de\/fr\/blog\/2021\/01\/13\/juergen-landmann-gemuesebau-landmann\/","url":"https:\/\/www.rinklin-naturkost.de\/fr\/blog\/2021\/01\/13\/juergen-landmann-gemuesebau-landmann\/","name":"J\u00fcrgen Landmann \u2013 Gem\u00fcsebau Landmann - Rinklin Naturkost","isPartOf":{"@id":"https:\/\/www.rinklin-naturkost.de\/#website"},"primaryImageOfPage":{"@id":"https:\/\/www.rinklin-naturkost.de\/fr\/blog\/2021\/01\/13\/juergen-landmann-gemuesebau-landmann\/#primaryimage"},"image":{"@id":"https:\/\/www.rinklin-naturkost.de\/fr\/blog\/2021\/01\/13\/juergen-landmann-gemuesebau-landmann\/#primaryimage"},"thumbnailUrl":"https:\/\/www.rinklin-naturkost.de\/wp-content\/uploads\/2021\/01\/Landmann-1.jpg","datePublished":"2021-01-13T10:36:19+00:00","dateModified":"2024-12-02T11:08:04+00:00","author":{"@id":"https:\/\/www.rinklin-naturkost.de\/#\/schema\/person\/284fdcb425bb2a0e113babcb6880df74"},"breadcrumb":{"@id":"https:\/\/www.rinklin-naturkost.de\/fr\/blog\/2021\/01\/13\/juergen-landmann-gemuesebau-landmann\/#breadcrumb"},"inLanguage":"fr-FR","potentialAction":[{"@type":"ReadAction","target":["https:\/\/www.rinklin-naturkost.de\/fr\/blog\/2021\/01\/13\/juergen-landmann-gemuesebau-landmann\/"]}]},{"@type":"ImageObject","inLanguage":"fr-FR","@id":"https:\/\/www.rinklin-naturkost.de\/fr\/blog\/2021\/01\/13\/juergen-landmann-gemuesebau-landmann\/#primaryimage","url":"https:\/\/www.rinklin-naturkost.de\/wp-content\/uploads\/2021\/01\/Landmann-1.jpg","contentUrl":"https:\/\/www.rinklin-naturkost.de\/wp-content\/uploads\/2021\/01\/Landmann-1.jpg","width":1200,"height":1148},{"@type":"BreadcrumbList","@id":"https:\/\/www.rinklin-naturkost.de\/fr\/blog\/2021\/01\/13\/juergen-landmann-gemuesebau-landmann\/#breadcrumb","itemListElement":[{"@type":"ListItem","position":1,"name":"Accueil","item":"https:\/\/www.rinklin-naturkost.de\/fr\/"},{"@type":"ListItem","position":2,"name":"J\u00fcrgen Landmann \u2013 Gem\u00fcsebau Landmann"}]},{"@type":"WebSite","@id":"https:\/\/www.rinklin-naturkost.de\/#website","url":"https:\/\/www.rinklin-naturkost.de\/","name":"Rinklin Naturkost","description":"Der Bio-Gro\u00dfh\u00e4ndler vom Kaiserstuhl","potentialAction":[{"@type":"SearchAction","target":{"@type":"EntryPoint","urlTemplate":"https:\/\/www.rinklin-naturkost.de\/?s={search_term_string}"},"query-input":{"@type":"PropertyValueSpecification","valueRequired":true,"valueName":"search_term_string"}}],"inLanguage":"fr-FR"},{"@type":"Person","@id":"https:\/\/www.rinklin-naturkost.de\/#\/schema\/person\/284fdcb425bb2a0e113babcb6880df74","name":"Kathrin Ziebold","image":{"@type":"ImageObject","inLanguage":"fr-FR","@id":"https:\/\/www.rinklin-naturkost.de\/#\/schema\/person\/image\/","url":"https:\/\/secure.gravatar.com\/avatar\/29e68b8f2f4406e88dc003b2f9263153?s=96&d=mm&r=g","contentUrl":"https:\/\/secure.gravatar.com\/avatar\/29e68b8f2f4406e88dc003b2f9263153?s=96&d=mm&r=g","caption":"Kathrin Ziebold"},"url":"https:\/\/www.rinklin-naturkost.de\/fr\/blog\/author\/k-ziebold\/"}]}},"_links":{"self":[{"href":"https:\/\/www.rinklin-naturkost.de\/fr\/wp-json\/wp\/v2\/posts\/31854","targetHints":{"allow":["GET"]}}],"collection":[{"href":"https:\/\/www.rinklin-naturkost.de\/fr\/wp-json\/wp\/v2\/posts"}],"about":[{"href":"https:\/\/www.rinklin-naturkost.de\/fr\/wp-json\/wp\/v2\/types\/post"}],"author":[{"embeddable":true,"href":"https:\/\/www.rinklin-naturkost.de\/fr\/wp-json\/wp\/v2\/users\/4"}],"replies":[{"embeddable":true,"href":"https:\/\/www.rinklin-naturkost.de\/fr\/wp-json\/wp\/v2\/comments?post=31854"}],"version-history":[{"count":1,"href":"https:\/\/www.rinklin-naturkost.de\/fr\/wp-json\/wp\/v2\/posts\/31854\/revisions"}],"predecessor-version":[{"id":31855,"href":"https:\/\/www.rinklin-naturkost.de\/fr\/wp-json\/wp\/v2\/posts\/31854\/revisions\/31855"}],"wp:featuredmedia":[{"embeddable":true,"href":"https:\/\/www.rinklin-naturkost.de\/fr\/wp-json\/wp\/v2\/media\/18321"}],"wp:attachment":[{"href":"https:\/\/www.rinklin-naturkost.de\/fr\/wp-json\/wp\/v2\/media?parent=31854"}],"wp:term":[{"taxonomy":"category","embeddable":true,"href":"https:\/\/www.rinklin-naturkost.de\/fr\/wp-json\/wp\/v2\/categories?post=31854"},{"taxonomy":"post_tag","embeddable":true,"href":"https:\/\/www.rinklin-naturkost.de\/fr\/wp-json\/wp\/v2\/tags?post=31854"}],"curies":[{"name":"wp","href":"https:\/\/api.w.org\/{rel}","templated":true}]}}