{"id":31771,"date":"2017-01-11T10:52:23","date_gmt":"2017-01-11T09:52:23","guid":{"rendered":"https:\/\/www.rinklin-naturkost.de\/blog\/2017\/01\/11\/partnerpost\/"},"modified":"2024-12-02T11:49:23","modified_gmt":"2024-12-02T10:49:23","slug":"partnerpost","status":"publish","type":"post","link":"https:\/\/www.rinklin-naturkost.de\/fr\/blog\/2017\/01\/11\/partnerpost\/","title":{"rendered":"PartnerPost &#8211; Ausgabe 02-2016"},"content":{"rendered":"<h4>PartnerPost<\/h4>\n<p>Getreu dem Leitsatz \u201eGemeinsam sind wir stark\u201c b\u00fcndelt die Naturkostbranche immer mehr Synergien, um dem von wenigen Gro\u00dfkonzernen beherrschten Lebensmittelmarkt mit \u00f6kologischer Authentizit\u00e4t, langfristig zukunftsf\u00e4higen Projekten sowie mit Konzepten zur St\u00e4rkung des Marktes f\u00fcr Naturkost und Naturwaren entgegen zu wirken. Das \u201e\u00d6ko-Huhn von morgen\u201c sowie die Gr\u00fcndung der Gesellschaft f\u00fcr Bio-Marktentwicklung GmbH belegen dies \u00fcberdeutlich.<br \/>\nWir blicken zur\u00fcck auf ein Jahr, das in weiten Kreisen unserer Gesellschaft am Ger\u00fcst unserer etablierten Wertesysteme r\u00fcttelte und gesellschaftliche Toleranz gegen\u00fcber fremden Kulturen in Frage stellte. Eine kleine Br\u00fccke zu etwas mehr V\u00f6lkerverst\u00e4ndigung schl\u00e4gt da die von unserem Gesch\u00e4ftspartner MorgenLand organisierte Algerien-Reise, die uns die maghrebinische Kultur, Lebensweise und Gastfreundschaft ein wenig n\u00e4her bringt. Und sie zeigt uns, dass grenzen- und kultur\u00fcberschreitend \u00f6kologische Werte international verbinden.<br \/>\nOptimistisch gestimmt sehen wir einem sicherlich ebenso bewegten Gesch\u00e4ftsjahr 2017 entgegen, das Freudvolles und Unerwartetes f\u00fcr uns bereith\u00e4lt, uns hie und da vor Herausforderungen stellt, an denen wir bestenfalls wachsen, und das uns mehr und mehr auf das Fundament unserer \u00f6kologischen Wertegemeinschaft vertrauen l\u00e4sst.<\/p>\n<h4>Ganz in diesem Sinne bleiben wir auch weiterhin der verl\u00e4ssliche Partner an Ihrer Seite.<\/h4>\n<a href=\"https:\/\/www.rinklin-naturkost.de\/wp-content\/uploads\/2017\/01\/WEB_PartnerPost-02-2016.pdf\" target=\"_blank\" title=\"Link\"  data-id=\"mpc_button-9869f54c3911d67\" class=\"mpc-button mpc-init mpc-transition \" ><div class=\"mpc-button__content mpc-effect-type--stay mpc-effect-side--left\"><i class=\"mpc-button__icon mpc-transition  fa fa-file-pdf-o\"><\/i><span class=\"mpc-button__title mpc-transition\">PartnerPost downloaden<\/span><\/div><div class=\"mpc-button__background mpc-transition mpc-effect-type--fade mpc-effect-side--in\"><\/div><\/a>\n<div class=\"real3dflipbook\" id=\"3\" ><\/div>\n","protected":false},"excerpt":{"rendered":"<p>Bl\u00e4ttern Sie hier in unserer aktuellen Partnerpost! Dominique Danieau und Ruth Buchner erz\u00e4hlen von Ihrer Algerien-Reise, die sie mit Morgenland unternommen haben. Sie finden neben zahlreichen anderen Themen eine erste Termin\u00fcbersicht f\u00fcr 2017!<\/p>\n","protected":false},"author":4,"featured_media":10464,"comment_status":"closed","ping_status":"closed","sticky":false,"template":"","format":"standard","meta":{"footnotes":""},"categories":[34],"tags":[100,101],"class_list":["post-31771","post","type-post","status-publish","format-standard","has-post-thumbnail","hentry","category-general","tag-algerien-fr","tag-partnerpost-fr"],"yoast_head":"<!-- This site is optimized with the Yoast SEO plugin v24.6 - https:\/\/yoast.com\/wordpress\/plugins\/seo\/ -->\n<title>PartnerPost - Ausgabe 02-2016 - Rinklin Naturkost<\/title>\n<meta name=\"description\" content=\"Bl\u00e4ttern Sie hier in der aktuellen PartnerPost. Regelm\u00e4\u00dfig erfahren Sie von Themen, die Rinklin Naturkost bewegt und den Menschen, die sich f\u00fcr Rinklin Naturkost bewegen.\" \/>\n<meta name=\"robots\" content=\"index, follow, max-snippet:-1, max-image-preview:large, max-video-preview:-1\" \/>\n<link rel=\"canonical\" href=\"https:\/\/www.rinklin-naturkost.de\/fr\/blog\/2017\/01\/11\/partnerpost\/\" \/>\n<meta property=\"og:locale\" content=\"fr_FR\" \/>\n<meta property=\"og:type\" content=\"article\" \/>\n<meta property=\"og:title\" content=\"PartnerPost - Ausgabe 02-2016 - Rinklin Naturkost\" \/>\n<meta property=\"og:description\" content=\"Bl\u00e4ttern Sie hier in der aktuellen PartnerPost. Regelm\u00e4\u00dfig erfahren Sie von Themen, die Rinklin Naturkost bewegt und den Menschen, die sich f\u00fcr Rinklin Naturkost bewegen.\" \/>\n<meta property=\"og:url\" content=\"https:\/\/www.rinklin-naturkost.de\/fr\/blog\/2017\/01\/11\/partnerpost\/\" \/>\n<meta property=\"og:site_name\" content=\"Rinklin Naturkost\" \/>\n<meta property=\"article:published_time\" content=\"2017-01-11T09:52:23+00:00\" \/>\n<meta property=\"article:modified_time\" content=\"2024-12-02T10:49:23+00:00\" \/>\n<meta property=\"og:image\" content=\"https:\/\/www.rinklin-naturkost.de\/wp-content\/uploads\/2017\/01\/Marktplatz-in-Ghardaia.jpg\" \/>\n\t<meta property=\"og:image:width\" content=\"1325\" \/>\n\t<meta property=\"og:image:height\" content=\"884\" \/>\n\t<meta property=\"og:image:type\" content=\"image\/jpeg\" \/>\n<meta name=\"author\" content=\"Kathrin Ziebold\" \/>\n<meta name=\"twitter:card\" content=\"summary_large_image\" \/>\n<meta name=\"twitter:label1\" content=\"\u00c9crit par\" \/>\n\t<meta name=\"twitter:data1\" content=\"Kathrin Ziebold\" \/>\n\t<meta name=\"twitter:label2\" content=\"Dur\u00e9e de lecture estim\u00e9e\" \/>\n\t<meta name=\"twitter:data2\" content=\"1 minute\" \/>\n<script type=\"application\/ld+json\" class=\"yoast-schema-graph\">{\"@context\":\"https:\/\/schema.org\",\"@graph\":[{\"@type\":\"WebPage\",\"@id\":\"https:\/\/www.rinklin-naturkost.de\/fr\/blog\/2017\/01\/11\/partnerpost\/\",\"url\":\"https:\/\/www.rinklin-naturkost.de\/fr\/blog\/2017\/01\/11\/partnerpost\/\",\"name\":\"PartnerPost - Ausgabe 02-2016 - Rinklin Naturkost\",\"isPartOf\":{\"@id\":\"https:\/\/www.rinklin-naturkost.de\/#website\"},\"primaryImageOfPage\":{\"@id\":\"https:\/\/www.rinklin-naturkost.de\/fr\/blog\/2017\/01\/11\/partnerpost\/#primaryimage\"},\"image\":{\"@id\":\"https:\/\/www.rinklin-naturkost.de\/fr\/blog\/2017\/01\/11\/partnerpost\/#primaryimage\"},\"thumbnailUrl\":\"https:\/\/www.rinklin-naturkost.de\/wp-content\/uploads\/2017\/01\/Marktplatz-in-Ghardaia.jpg\",\"datePublished\":\"2017-01-11T09:52:23+00:00\",\"dateModified\":\"2024-12-02T10:49:23+00:00\",\"author\":{\"@id\":\"https:\/\/www.rinklin-naturkost.de\/#\/schema\/person\/284fdcb425bb2a0e113babcb6880df74\"},\"description\":\"Bl\u00e4ttern Sie hier in der aktuellen PartnerPost. Regelm\u00e4\u00dfig erfahren Sie von Themen, die Rinklin Naturkost bewegt und den Menschen, die sich f\u00fcr Rinklin Naturkost bewegen.\",\"breadcrumb\":{\"@id\":\"https:\/\/www.rinklin-naturkost.de\/fr\/blog\/2017\/01\/11\/partnerpost\/#breadcrumb\"},\"inLanguage\":\"fr-FR\",\"potentialAction\":[{\"@type\":\"ReadAction\",\"target\":[\"https:\/\/www.rinklin-naturkost.de\/fr\/blog\/2017\/01\/11\/partnerpost\/\"]}]},{\"@type\":\"ImageObject\",\"inLanguage\":\"fr-FR\",\"@id\":\"https:\/\/www.rinklin-naturkost.de\/fr\/blog\/2017\/01\/11\/partnerpost\/#primaryimage\",\"url\":\"https:\/\/www.rinklin-naturkost.de\/wp-content\/uploads\/2017\/01\/Marktplatz-in-Ghardaia.jpg\",\"contentUrl\":\"https:\/\/www.rinklin-naturkost.de\/wp-content\/uploads\/2017\/01\/Marktplatz-in-Ghardaia.jpg\",\"width\":1325,\"height\":884},{\"@type\":\"BreadcrumbList\",\"@id\":\"https:\/\/www.rinklin-naturkost.de\/fr\/blog\/2017\/01\/11\/partnerpost\/#breadcrumb\",\"itemListElement\":[{\"@type\":\"ListItem\",\"position\":1,\"name\":\"Accueil\",\"item\":\"https:\/\/www.rinklin-naturkost.de\/fr\/\"},{\"@type\":\"ListItem\",\"position\":2,\"name\":\"PartnerPost &#8211; Ausgabe 02-2016\"}]},{\"@type\":\"WebSite\",\"@id\":\"https:\/\/www.rinklin-naturkost.de\/#website\",\"url\":\"https:\/\/www.rinklin-naturkost.de\/\",\"name\":\"Rinklin Naturkost\",\"description\":\"Der Bio-Gro\u00dfh\u00e4ndler vom Kaiserstuhl\",\"potentialAction\":[{\"@type\":\"SearchAction\",\"target\":{\"@type\":\"EntryPoint\",\"urlTemplate\":\"https:\/\/www.rinklin-naturkost.de\/?s={search_term_string}\"},\"query-input\":{\"@type\":\"PropertyValueSpecification\",\"valueRequired\":true,\"valueName\":\"search_term_string\"}}],\"inLanguage\":\"fr-FR\"},{\"@type\":\"Person\",\"@id\":\"https:\/\/www.rinklin-naturkost.de\/#\/schema\/person\/284fdcb425bb2a0e113babcb6880df74\",\"name\":\"Kathrin Ziebold\",\"image\":{\"@type\":\"ImageObject\",\"inLanguage\":\"fr-FR\",\"@id\":\"https:\/\/www.rinklin-naturkost.de\/#\/schema\/person\/image\/\",\"url\":\"https:\/\/secure.gravatar.com\/avatar\/29e68b8f2f4406e88dc003b2f9263153?s=96&d=mm&r=g\",\"contentUrl\":\"https:\/\/secure.gravatar.com\/avatar\/29e68b8f2f4406e88dc003b2f9263153?s=96&d=mm&r=g\",\"caption\":\"Kathrin Ziebold\"},\"url\":\"https:\/\/www.rinklin-naturkost.de\/fr\/blog\/author\/k-ziebold\/\"}]}<\/script>\n<!-- \/ Yoast SEO plugin. -->","yoast_head_json":{"title":"PartnerPost - Ausgabe 02-2016 - Rinklin Naturkost","description":"Bl\u00e4ttern Sie hier in der aktuellen PartnerPost. Regelm\u00e4\u00dfig erfahren Sie von Themen, die Rinklin Naturkost bewegt und den Menschen, die sich f\u00fcr Rinklin Naturkost bewegen.","robots":{"index":"index","follow":"follow","max-snippet":"max-snippet:-1","max-image-preview":"max-image-preview:large","max-video-preview":"max-video-preview:-1"},"canonical":"https:\/\/www.rinklin-naturkost.de\/fr\/blog\/2017\/01\/11\/partnerpost\/","og_locale":"fr_FR","og_type":"article","og_title":"PartnerPost - Ausgabe 02-2016 - Rinklin Naturkost","og_description":"Bl\u00e4ttern Sie hier in der aktuellen PartnerPost. Regelm\u00e4\u00dfig erfahren Sie von Themen, die Rinklin Naturkost bewegt und den Menschen, die sich f\u00fcr Rinklin Naturkost bewegen.","og_url":"https:\/\/www.rinklin-naturkost.de\/fr\/blog\/2017\/01\/11\/partnerpost\/","og_site_name":"Rinklin Naturkost","article_published_time":"2017-01-11T09:52:23+00:00","article_modified_time":"2024-12-02T10:49:23+00:00","og_image":[{"width":1325,"height":884,"url":"https:\/\/www.rinklin-naturkost.de\/wp-content\/uploads\/2017\/01\/Marktplatz-in-Ghardaia.jpg","type":"image\/jpeg"}],"author":"Kathrin Ziebold","twitter_card":"summary_large_image","twitter_misc":{"\u00c9crit par":"Kathrin Ziebold","Dur\u00e9e de lecture estim\u00e9e":"1 minute"},"schema":{"@context":"https:\/\/schema.org","@graph":[{"@type":"WebPage","@id":"https:\/\/www.rinklin-naturkost.de\/fr\/blog\/2017\/01\/11\/partnerpost\/","url":"https:\/\/www.rinklin-naturkost.de\/fr\/blog\/2017\/01\/11\/partnerpost\/","name":"PartnerPost - Ausgabe 02-2016 - Rinklin Naturkost","isPartOf":{"@id":"https:\/\/www.rinklin-naturkost.de\/#website"},"primaryImageOfPage":{"@id":"https:\/\/www.rinklin-naturkost.de\/fr\/blog\/2017\/01\/11\/partnerpost\/#primaryimage"},"image":{"@id":"https:\/\/www.rinklin-naturkost.de\/fr\/blog\/2017\/01\/11\/partnerpost\/#primaryimage"},"thumbnailUrl":"https:\/\/www.rinklin-naturkost.de\/wp-content\/uploads\/2017\/01\/Marktplatz-in-Ghardaia.jpg","datePublished":"2017-01-11T09:52:23+00:00","dateModified":"2024-12-02T10:49:23+00:00","author":{"@id":"https:\/\/www.rinklin-naturkost.de\/#\/schema\/person\/284fdcb425bb2a0e113babcb6880df74"},"description":"Bl\u00e4ttern Sie hier in der aktuellen PartnerPost. Regelm\u00e4\u00dfig erfahren Sie von Themen, die Rinklin Naturkost bewegt und den Menschen, die sich f\u00fcr Rinklin Naturkost bewegen.","breadcrumb":{"@id":"https:\/\/www.rinklin-naturkost.de\/fr\/blog\/2017\/01\/11\/partnerpost\/#breadcrumb"},"inLanguage":"fr-FR","potentialAction":[{"@type":"ReadAction","target":["https:\/\/www.rinklin-naturkost.de\/fr\/blog\/2017\/01\/11\/partnerpost\/"]}]},{"@type":"ImageObject","inLanguage":"fr-FR","@id":"https:\/\/www.rinklin-naturkost.de\/fr\/blog\/2017\/01\/11\/partnerpost\/#primaryimage","url":"https:\/\/www.rinklin-naturkost.de\/wp-content\/uploads\/2017\/01\/Marktplatz-in-Ghardaia.jpg","contentUrl":"https:\/\/www.rinklin-naturkost.de\/wp-content\/uploads\/2017\/01\/Marktplatz-in-Ghardaia.jpg","width":1325,"height":884},{"@type":"BreadcrumbList","@id":"https:\/\/www.rinklin-naturkost.de\/fr\/blog\/2017\/01\/11\/partnerpost\/#breadcrumb","itemListElement":[{"@type":"ListItem","position":1,"name":"Accueil","item":"https:\/\/www.rinklin-naturkost.de\/fr\/"},{"@type":"ListItem","position":2,"name":"PartnerPost &#8211; Ausgabe 02-2016"}]},{"@type":"WebSite","@id":"https:\/\/www.rinklin-naturkost.de\/#website","url":"https:\/\/www.rinklin-naturkost.de\/","name":"Rinklin Naturkost","description":"Der Bio-Gro\u00dfh\u00e4ndler vom Kaiserstuhl","potentialAction":[{"@type":"SearchAction","target":{"@type":"EntryPoint","urlTemplate":"https:\/\/www.rinklin-naturkost.de\/?s={search_term_string}"},"query-input":{"@type":"PropertyValueSpecification","valueRequired":true,"valueName":"search_term_string"}}],"inLanguage":"fr-FR"},{"@type":"Person","@id":"https:\/\/www.rinklin-naturkost.de\/#\/schema\/person\/284fdcb425bb2a0e113babcb6880df74","name":"Kathrin Ziebold","image":{"@type":"ImageObject","inLanguage":"fr-FR","@id":"https:\/\/www.rinklin-naturkost.de\/#\/schema\/person\/image\/","url":"https:\/\/secure.gravatar.com\/avatar\/29e68b8f2f4406e88dc003b2f9263153?s=96&d=mm&r=g","contentUrl":"https:\/\/secure.gravatar.com\/avatar\/29e68b8f2f4406e88dc003b2f9263153?s=96&d=mm&r=g","caption":"Kathrin Ziebold"},"url":"https:\/\/www.rinklin-naturkost.de\/fr\/blog\/author\/k-ziebold\/"}]}},"_links":{"self":[{"href":"https:\/\/www.rinklin-naturkost.de\/fr\/wp-json\/wp\/v2\/posts\/31771","targetHints":{"allow":["GET"]}}],"collection":[{"href":"https:\/\/www.rinklin-naturkost.de\/fr\/wp-json\/wp\/v2\/posts"}],"about":[{"href":"https:\/\/www.rinklin-naturkost.de\/fr\/wp-json\/wp\/v2\/types\/post"}],"author":[{"embeddable":true,"href":"https:\/\/www.rinklin-naturkost.de\/fr\/wp-json\/wp\/v2\/users\/4"}],"replies":[{"embeddable":true,"href":"https:\/\/www.rinklin-naturkost.de\/fr\/wp-json\/wp\/v2\/comments?post=31771"}],"version-history":[{"count":1,"href":"https:\/\/www.rinklin-naturkost.de\/fr\/wp-json\/wp\/v2\/posts\/31771\/revisions"}],"predecessor-version":[{"id":31772,"href":"https:\/\/www.rinklin-naturkost.de\/fr\/wp-json\/wp\/v2\/posts\/31771\/revisions\/31772"}],"wp:featuredmedia":[{"embeddable":true,"href":"https:\/\/www.rinklin-naturkost.de\/fr\/wp-json\/wp\/v2\/media\/10464"}],"wp:attachment":[{"href":"https:\/\/www.rinklin-naturkost.de\/fr\/wp-json\/wp\/v2\/media?parent=31771"}],"wp:term":[{"taxonomy":"category","embeddable":true,"href":"https:\/\/www.rinklin-naturkost.de\/fr\/wp-json\/wp\/v2\/categories?post=31771"},{"taxonomy":"post_tag","embeddable":true,"href":"https:\/\/www.rinklin-naturkost.de\/fr\/wp-json\/wp\/v2\/tags?post=31771"}],"curies":[{"name":"wp","href":"https:\/\/api.w.org\/{rel}","templated":true}]}}