{"id":31703,"date":"2018-10-10T09:37:10","date_gmt":"2018-10-10T07:37:10","guid":{"rendered":"https:\/\/www.rinklin-naturkost.de\/blog\/2018\/10\/10\/mittwoch-18-07-2018-keine-panne-mit-der-spanne-2\/"},"modified":"2024-11-27T11:41:16","modified_gmt":"2024-11-27T10:41:16","slug":"mittwoch-18-07-2018-keine-panne-mit-der-spanne-2","status":"publish","type":"post","link":"https:\/\/www.rinklin-naturkost.de\/fr\/blog\/2018\/10\/10\/mittwoch-18-07-2018-keine-panne-mit-der-spanne-2\/","title":{"rendered":"Mittwoch 07.11.2018 &#8211; Achtsam f\u00fchren"},"content":{"rendered":"<h2>Systemische Professionalit\u00e4t als F\u00fchrungskraft II: Achtsam f\u00fchren<\/h2>\n<h4>Eingefahrene F\u00fchrungsmuster \u00fcberdenken, mit Bewusstheit und Selbstverantwortung handeln<\/h4>\n<p>Wir sind mehr als je zuvor gefordert, achtsam mit uns und unseren Mitarbeitern umzugehen. Doch wie sensibilisieren wir uns neu? Wie kann eine sinnstiftende F\u00fchrung nachhaltig verankert werden? Beides gelingt nur, wenn wir selbstverantwortlich und ehrlich mit uns umgehen k\u00f6nnen. Ist das Bewusstsein \u00fcber eigenes Verhalten, Emotionen und Reaktionen gewachsen, k\u00f6nnen wir klar und konsequent mit unseren Mitarbeitern umgehen.<\/p>\n<p>In diesem Seminar lernen Sie eine neue Sicht auf F\u00fchrung kennen, sch\u00e4rfen Ihre eigenen Wahrnehmungsfilter und \u00fcberarbeiten eingefahrene Muster und Denkprogramme.<\/p>\n<h4>Ihr Nutzen<\/h4>\n<p>\u2022 Sie wissen, wie man in der Selbstf\u00fchrung eine gute Verbindung zu sich aufbaut und \u00fcber l\u00e4ngere Zeit h\u00e4lt.<br \/>\n\u2022 Sie lernen systemische Dialogmethoden kennen, die Einfluss auf Ihren eigenen Entwicklungsprozess und in der Anwendung auf den Ihrer Mitarbeiterentwicklung haben. Sie f\u00fchren sich und andere Menschen in die Eigenverantwortung.<br \/>\n\u2022 Sie lernen, auf der Meta-Ebene zu kommunizieren und behalten so in Ihren F\u00fchrungssituationen die Oberhand.<br \/>\n\u2022 Durch ein gesundes Emotionsmanagement bleiben Sie in Ihren F\u00fchrungsaufgaben in geistiger, seelischer und k\u00f6rperlicher Balance.<br \/>\n\u2022 Ihnen er\u00f6ffnen sich neue Handlungsspielr\u00e4ume in der F\u00fchrung durch die Anwendung systemischer Tools, die Sie im Seminar \u00fcben.<br \/>\n\u2022 Sie k\u00f6nnen eigene Praxisf\u00e4lle in das Seminar einflie\u00dfen lassen und so an Ihren realen Situationen arbeiten.<\/p>\n<h4>Inhalte<\/h4>\n<blockquote><p><em>Systemisch denken und f\u00fchren<\/em><br \/>\n\u2022 Wirklichkeit \u2013 Fokus auf das, was ist<br \/>\n\u2022 Glaubenssysteme<br \/>\n\u2022 Konstrukt \u201eProblem\u00a0\u00bb<br \/>\n\u2022 Problem-L\u00f6sungs-Gymnastik<br \/>\n\u2022 Das F\u00fchren in die Eigenverantwortung<br \/>\n<em>F\u00fchren im \u201eHier und Jetzt\u00a0\u00bb<\/em><br \/>\n\u2022 Ver\u00e4nderung als Verantwortung begreifen<br \/>\n\u2022 Prozessorientiertes Fragen und F\u00fchren<br \/>\n\u2022 Mit Zutrauen Vertrauen schaffen<br \/>\n\u2022 Methodische Fallen im F\u00fchren<br \/>\n<em>Selbstversorgungsaspekte<\/em><br \/>\n\u2022 Versuch oder Tun?<br \/>\n\u2022 Falle Feedback<br \/>\n\u2022 F\u00fchren mit Herz<\/p><\/blockquote>\n<div><\/div>\n<h4><span style=\"font-size: 12pt;\"><span style=\"font-size: 18pt;\"><a ref=\"magnificPopup\" href=\"https:\/\/www.rinklin-naturkost.de\/wp-content\/uploads\/2017\/05\/F\u00fcrst-Sammel-Einladungstext2.jpg\"><img loading=\"lazy\" decoding=\"async\" class=\"wp-image-8103 size-thumbnail alignleft\" src=\"https:\/\/www.rinklin-naturkost.de\/wp-content\/uploads\/2017\/05\/F\u00fcrst-Sammel-Einladungstext2-e1539156556111-150x150.jpg\" alt=\"\" width=\"150\" height=\"150\" srcset=\"https:\/\/www.rinklin-naturkost.de\/wp-content\/uploads\/2017\/05\/F\u00fcrst-Sammel-Einladungstext2-e1539156556111-150x150.jpg 150w, https:\/\/www.rinklin-naturkost.de\/wp-content\/uploads\/2017\/05\/F\u00fcrst-Sammel-Einladungstext2-e1539156556111-350x350.jpg 350w, https:\/\/www.rinklin-naturkost.de\/wp-content\/uploads\/2017\/05\/F\u00fcrst-Sammel-Einladungstext2-e1539156556111-600x600.jpg 600w\" sizes=\"auto, (max-width: 150px) 100vw, 150px\" \/><\/a>Bruno F\u00fcrst-Sammel<\/span><br \/>\n<\/span><\/h4>\n<p>\u2022 Dipl. Betriebswirt (FH)<br \/>\n\u2022 Dipl. Verwaltungswirt (FH)<br \/>\n\u2022 Wirtschaftsp\u00e4dagoge<br \/>\n\u2022 Coach und Personaltrainer<\/p>\n<p>&nbsp;<\/p>\n<a href=\"https:\/\/www.rinklin-naturkost.de\/wp-content\/uploads\/2018\/10\/Infoblatt_Systemische_Professionalitaet_als_Fuehrungskraft_II_Achtsam_fuehren.pdf\" target=\"_blank\" title=\"Link\"  data-id=\"mpc_button-5869f2f0a0184b2\" class=\"mpc-button mpc-init mpc-transition \" ><div class=\"mpc-button__content mpc-effect-type--stay mpc-effect-side--left\"><i class=\"mpc-button__icon mpc-transition  fa fa-file-pdf-o\"><\/i><span class=\"mpc-button__title mpc-transition\">Infos downloaden<\/span><\/div><div class=\"mpc-button__background mpc-transition mpc-effect-type--fade mpc-effect-side--in\"><\/div><\/a>\n<a href=\"https:\/\/www.binako.de\/de\/seminare\/kommunikation\/systemische-professionalitaet-als-fuehrungskraft-ii-achtsam-fuehren-146\" title=\"\" data-id=\"mpc_button-4269f2f0a0185a9\" class=\"mpc-button mpc-init mpc-transition \" ><div class=\"mpc-button__content mpc-effect-type--stay mpc-effect-side--left\"><i class=\"mpc-button__icon mpc-transition  fa fa-file-pdf-o\"><\/i><span class=\"mpc-button__title mpc-transition\">Anmeldung \u00fcber Binako<\/span><\/div><div class=\"mpc-button__background mpc-transition mpc-effect-type--fade mpc-effect-side--in\"><\/div><\/a>\n<p>&nbsp;<\/p>\n<h4>Mittwoch, 07.11.2018, 09.00 &#8211; 17.00 Uhr in Eichstetten<\/h4>\n","protected":false},"excerpt":{"rendered":"<p>Systemische Professionalit\u00e4t als F\u00fchrungskraft II: Achtsam f\u00fchren Eingefahrene F\u00fchrungsmuster \u00fcberdenken, mit Bewusstheit und Selbstverantwortung handeln Wir sind mehr als je zuvor gefordert, achtsam mit uns und unseren Mitarbeitern umzugehen. Doch wie sensibilisieren wir uns neu? Wie kann eine sinnstiftende F\u00fchrung nachhaltig verankert werden? Beides gelingt nur, wenn wir selbstverantwortlich und ehrlich mit uns umgehen k\u00f6nnen.<\/p>\n","protected":false},"author":4,"featured_media":9611,"comment_status":"closed","ping_status":"closed","sticky":false,"template":"","format":"standard","meta":{"footnotes":""},"categories":[102],"tags":[410,416],"class_list":["post-31703","post","type-post","status-publish","format-standard","has-post-thumbnail","hentry","category-seminar-fr","tag-fuehrung-fr","tag-mitarbeiter-fr"],"yoast_head":"<!-- This site is optimized with the Yoast SEO plugin v24.6 - https:\/\/yoast.com\/wordpress\/plugins\/seo\/ -->\n<title>Mittwoch 07.11.2018 - Achtsam f\u00fchren - Rinklin Naturkost<\/title>\n<meta name=\"robots\" content=\"index, follow, max-snippet:-1, max-image-preview:large, max-video-preview:-1\" \/>\n<link rel=\"canonical\" href=\"https:\/\/www.rinklin-naturkost.de\/fr\/blog\/2018\/10\/10\/mittwoch-18-07-2018-keine-panne-mit-der-spanne-2\/\" \/>\n<meta property=\"og:locale\" content=\"fr_FR\" \/>\n<meta property=\"og:type\" content=\"article\" \/>\n<meta property=\"og:title\" content=\"Mittwoch 07.11.2018 - Achtsam f\u00fchren - Rinklin Naturkost\" \/>\n<meta property=\"og:description\" content=\"Systemische Professionalit\u00e4t als F\u00fchrungskraft II: Achtsam f\u00fchren Eingefahrene F\u00fchrungsmuster \u00fcberdenken, mit Bewusstheit und Selbstverantwortung handeln Wir sind mehr als je zuvor gefordert, achtsam mit uns und unseren Mitarbeitern umzugehen. Doch wie sensibilisieren wir uns neu? Wie kann eine sinnstiftende F\u00fchrung nachhaltig verankert werden? Beides gelingt nur, wenn wir selbstverantwortlich und ehrlich mit uns umgehen k\u00f6nnen.\" \/>\n<meta property=\"og:url\" content=\"https:\/\/www.rinklin-naturkost.de\/fr\/blog\/2018\/10\/10\/mittwoch-18-07-2018-keine-panne-mit-der-spanne-2\/\" \/>\n<meta property=\"og:site_name\" content=\"Rinklin Naturkost\" \/>\n<meta property=\"article:published_time\" content=\"2018-10-10T07:37:10+00:00\" \/>\n<meta property=\"article:modified_time\" content=\"2024-11-27T10:41:16+00:00\" \/>\n<meta property=\"og:image\" content=\"https:\/\/www.rinklin-naturkost.de\/wp-content\/uploads\/2018\/10\/Hand-mit-Cowboy.jpg\" \/>\n\t<meta property=\"og:image:width\" content=\"2150\" \/>\n\t<meta property=\"og:image:height\" content=\"1434\" \/>\n\t<meta property=\"og:image:type\" content=\"image\/jpeg\" \/>\n<meta name=\"author\" content=\"Kathrin Ziebold\" \/>\n<meta name=\"twitter:card\" content=\"summary_large_image\" \/>\n<meta name=\"twitter:label1\" content=\"\u00c9crit par\" \/>\n\t<meta name=\"twitter:data1\" content=\"Kathrin Ziebold\" \/>\n<script type=\"application\/ld+json\" class=\"yoast-schema-graph\">{\"@context\":\"https:\/\/schema.org\",\"@graph\":[{\"@type\":\"WebPage\",\"@id\":\"https:\/\/www.rinklin-naturkost.de\/fr\/blog\/2018\/10\/10\/mittwoch-18-07-2018-keine-panne-mit-der-spanne-2\/\",\"url\":\"https:\/\/www.rinklin-naturkost.de\/fr\/blog\/2018\/10\/10\/mittwoch-18-07-2018-keine-panne-mit-der-spanne-2\/\",\"name\":\"Mittwoch 07.11.2018 - Achtsam f\u00fchren - Rinklin Naturkost\",\"isPartOf\":{\"@id\":\"https:\/\/www.rinklin-naturkost.de\/#website\"},\"primaryImageOfPage\":{\"@id\":\"https:\/\/www.rinklin-naturkost.de\/fr\/blog\/2018\/10\/10\/mittwoch-18-07-2018-keine-panne-mit-der-spanne-2\/#primaryimage\"},\"image\":{\"@id\":\"https:\/\/www.rinklin-naturkost.de\/fr\/blog\/2018\/10\/10\/mittwoch-18-07-2018-keine-panne-mit-der-spanne-2\/#primaryimage\"},\"thumbnailUrl\":\"https:\/\/www.rinklin-naturkost.de\/wp-content\/uploads\/2018\/10\/Hand-mit-Cowboy.jpg\",\"datePublished\":\"2018-10-10T07:37:10+00:00\",\"dateModified\":\"2024-11-27T10:41:16+00:00\",\"author\":{\"@id\":\"https:\/\/www.rinklin-naturkost.de\/#\/schema\/person\/284fdcb425bb2a0e113babcb6880df74\"},\"breadcrumb\":{\"@id\":\"https:\/\/www.rinklin-naturkost.de\/fr\/blog\/2018\/10\/10\/mittwoch-18-07-2018-keine-panne-mit-der-spanne-2\/#breadcrumb\"},\"inLanguage\":\"fr-FR\",\"potentialAction\":[{\"@type\":\"ReadAction\",\"target\":[\"https:\/\/www.rinklin-naturkost.de\/fr\/blog\/2018\/10\/10\/mittwoch-18-07-2018-keine-panne-mit-der-spanne-2\/\"]}]},{\"@type\":\"ImageObject\",\"inLanguage\":\"fr-FR\",\"@id\":\"https:\/\/www.rinklin-naturkost.de\/fr\/blog\/2018\/10\/10\/mittwoch-18-07-2018-keine-panne-mit-der-spanne-2\/#primaryimage\",\"url\":\"https:\/\/www.rinklin-naturkost.de\/wp-content\/uploads\/2018\/10\/Hand-mit-Cowboy.jpg\",\"contentUrl\":\"https:\/\/www.rinklin-naturkost.de\/wp-content\/uploads\/2018\/10\/Hand-mit-Cowboy.jpg\",\"width\":2150,\"height\":1434,\"caption\":\"Hipster guy wearing checked shirt in male hands\"},{\"@type\":\"BreadcrumbList\",\"@id\":\"https:\/\/www.rinklin-naturkost.de\/fr\/blog\/2018\/10\/10\/mittwoch-18-07-2018-keine-panne-mit-der-spanne-2\/#breadcrumb\",\"itemListElement\":[{\"@type\":\"ListItem\",\"position\":1,\"name\":\"Accueil\",\"item\":\"https:\/\/www.rinklin-naturkost.de\/fr\/\"},{\"@type\":\"ListItem\",\"position\":2,\"name\":\"Mittwoch 07.11.2018 &#8211; Achtsam f\u00fchren\"}]},{\"@type\":\"WebSite\",\"@id\":\"https:\/\/www.rinklin-naturkost.de\/#website\",\"url\":\"https:\/\/www.rinklin-naturkost.de\/\",\"name\":\"Rinklin Naturkost\",\"description\":\"Der Bio-Gro\u00dfh\u00e4ndler vom Kaiserstuhl\",\"potentialAction\":[{\"@type\":\"SearchAction\",\"target\":{\"@type\":\"EntryPoint\",\"urlTemplate\":\"https:\/\/www.rinklin-naturkost.de\/?s={search_term_string}\"},\"query-input\":{\"@type\":\"PropertyValueSpecification\",\"valueRequired\":true,\"valueName\":\"search_term_string\"}}],\"inLanguage\":\"fr-FR\"},{\"@type\":\"Person\",\"@id\":\"https:\/\/www.rinklin-naturkost.de\/#\/schema\/person\/284fdcb425bb2a0e113babcb6880df74\",\"name\":\"Kathrin Ziebold\",\"image\":{\"@type\":\"ImageObject\",\"inLanguage\":\"fr-FR\",\"@id\":\"https:\/\/www.rinklin-naturkost.de\/#\/schema\/person\/image\/\",\"url\":\"https:\/\/secure.gravatar.com\/avatar\/29e68b8f2f4406e88dc003b2f9263153?s=96&d=mm&r=g\",\"contentUrl\":\"https:\/\/secure.gravatar.com\/avatar\/29e68b8f2f4406e88dc003b2f9263153?s=96&d=mm&r=g\",\"caption\":\"Kathrin Ziebold\"},\"url\":\"https:\/\/www.rinklin-naturkost.de\/fr\/blog\/author\/k-ziebold\/\"}]}<\/script>\n<!-- \/ Yoast SEO plugin. -->","yoast_head_json":{"title":"Mittwoch 07.11.2018 - Achtsam f\u00fchren - Rinklin Naturkost","robots":{"index":"index","follow":"follow","max-snippet":"max-snippet:-1","max-image-preview":"max-image-preview:large","max-video-preview":"max-video-preview:-1"},"canonical":"https:\/\/www.rinklin-naturkost.de\/fr\/blog\/2018\/10\/10\/mittwoch-18-07-2018-keine-panne-mit-der-spanne-2\/","og_locale":"fr_FR","og_type":"article","og_title":"Mittwoch 07.11.2018 - Achtsam f\u00fchren - Rinklin Naturkost","og_description":"Systemische Professionalit\u00e4t als F\u00fchrungskraft II: Achtsam f\u00fchren Eingefahrene F\u00fchrungsmuster \u00fcberdenken, mit Bewusstheit und Selbstverantwortung handeln Wir sind mehr als je zuvor gefordert, achtsam mit uns und unseren Mitarbeitern umzugehen. Doch wie sensibilisieren wir uns neu? Wie kann eine sinnstiftende F\u00fchrung nachhaltig verankert werden? Beides gelingt nur, wenn wir selbstverantwortlich und ehrlich mit uns umgehen k\u00f6nnen.","og_url":"https:\/\/www.rinklin-naturkost.de\/fr\/blog\/2018\/10\/10\/mittwoch-18-07-2018-keine-panne-mit-der-spanne-2\/","og_site_name":"Rinklin Naturkost","article_published_time":"2018-10-10T07:37:10+00:00","article_modified_time":"2024-11-27T10:41:16+00:00","og_image":[{"width":2150,"height":1434,"url":"https:\/\/www.rinklin-naturkost.de\/wp-content\/uploads\/2018\/10\/Hand-mit-Cowboy.jpg","type":"image\/jpeg"}],"author":"Kathrin Ziebold","twitter_card":"summary_large_image","twitter_misc":{"\u00c9crit par":"Kathrin Ziebold"},"schema":{"@context":"https:\/\/schema.org","@graph":[{"@type":"WebPage","@id":"https:\/\/www.rinklin-naturkost.de\/fr\/blog\/2018\/10\/10\/mittwoch-18-07-2018-keine-panne-mit-der-spanne-2\/","url":"https:\/\/www.rinklin-naturkost.de\/fr\/blog\/2018\/10\/10\/mittwoch-18-07-2018-keine-panne-mit-der-spanne-2\/","name":"Mittwoch 07.11.2018 - Achtsam f\u00fchren - Rinklin Naturkost","isPartOf":{"@id":"https:\/\/www.rinklin-naturkost.de\/#website"},"primaryImageOfPage":{"@id":"https:\/\/www.rinklin-naturkost.de\/fr\/blog\/2018\/10\/10\/mittwoch-18-07-2018-keine-panne-mit-der-spanne-2\/#primaryimage"},"image":{"@id":"https:\/\/www.rinklin-naturkost.de\/fr\/blog\/2018\/10\/10\/mittwoch-18-07-2018-keine-panne-mit-der-spanne-2\/#primaryimage"},"thumbnailUrl":"https:\/\/www.rinklin-naturkost.de\/wp-content\/uploads\/2018\/10\/Hand-mit-Cowboy.jpg","datePublished":"2018-10-10T07:37:10+00:00","dateModified":"2024-11-27T10:41:16+00:00","author":{"@id":"https:\/\/www.rinklin-naturkost.de\/#\/schema\/person\/284fdcb425bb2a0e113babcb6880df74"},"breadcrumb":{"@id":"https:\/\/www.rinklin-naturkost.de\/fr\/blog\/2018\/10\/10\/mittwoch-18-07-2018-keine-panne-mit-der-spanne-2\/#breadcrumb"},"inLanguage":"fr-FR","potentialAction":[{"@type":"ReadAction","target":["https:\/\/www.rinklin-naturkost.de\/fr\/blog\/2018\/10\/10\/mittwoch-18-07-2018-keine-panne-mit-der-spanne-2\/"]}]},{"@type":"ImageObject","inLanguage":"fr-FR","@id":"https:\/\/www.rinklin-naturkost.de\/fr\/blog\/2018\/10\/10\/mittwoch-18-07-2018-keine-panne-mit-der-spanne-2\/#primaryimage","url":"https:\/\/www.rinklin-naturkost.de\/wp-content\/uploads\/2018\/10\/Hand-mit-Cowboy.jpg","contentUrl":"https:\/\/www.rinklin-naturkost.de\/wp-content\/uploads\/2018\/10\/Hand-mit-Cowboy.jpg","width":2150,"height":1434,"caption":"Hipster guy wearing checked shirt in male hands"},{"@type":"BreadcrumbList","@id":"https:\/\/www.rinklin-naturkost.de\/fr\/blog\/2018\/10\/10\/mittwoch-18-07-2018-keine-panne-mit-der-spanne-2\/#breadcrumb","itemListElement":[{"@type":"ListItem","position":1,"name":"Accueil","item":"https:\/\/www.rinklin-naturkost.de\/fr\/"},{"@type":"ListItem","position":2,"name":"Mittwoch 07.11.2018 &#8211; Achtsam f\u00fchren"}]},{"@type":"WebSite","@id":"https:\/\/www.rinklin-naturkost.de\/#website","url":"https:\/\/www.rinklin-naturkost.de\/","name":"Rinklin Naturkost","description":"Der Bio-Gro\u00dfh\u00e4ndler vom Kaiserstuhl","potentialAction":[{"@type":"SearchAction","target":{"@type":"EntryPoint","urlTemplate":"https:\/\/www.rinklin-naturkost.de\/?s={search_term_string}"},"query-input":{"@type":"PropertyValueSpecification","valueRequired":true,"valueName":"search_term_string"}}],"inLanguage":"fr-FR"},{"@type":"Person","@id":"https:\/\/www.rinklin-naturkost.de\/#\/schema\/person\/284fdcb425bb2a0e113babcb6880df74","name":"Kathrin Ziebold","image":{"@type":"ImageObject","inLanguage":"fr-FR","@id":"https:\/\/www.rinklin-naturkost.de\/#\/schema\/person\/image\/","url":"https:\/\/secure.gravatar.com\/avatar\/29e68b8f2f4406e88dc003b2f9263153?s=96&d=mm&r=g","contentUrl":"https:\/\/secure.gravatar.com\/avatar\/29e68b8f2f4406e88dc003b2f9263153?s=96&d=mm&r=g","caption":"Kathrin Ziebold"},"url":"https:\/\/www.rinklin-naturkost.de\/fr\/blog\/author\/k-ziebold\/"}]}},"_links":{"self":[{"href":"https:\/\/www.rinklin-naturkost.de\/fr\/wp-json\/wp\/v2\/posts\/31703","targetHints":{"allow":["GET"]}}],"collection":[{"href":"https:\/\/www.rinklin-naturkost.de\/fr\/wp-json\/wp\/v2\/posts"}],"about":[{"href":"https:\/\/www.rinklin-naturkost.de\/fr\/wp-json\/wp\/v2\/types\/post"}],"author":[{"embeddable":true,"href":"https:\/\/www.rinklin-naturkost.de\/fr\/wp-json\/wp\/v2\/users\/4"}],"replies":[{"embeddable":true,"href":"https:\/\/www.rinklin-naturkost.de\/fr\/wp-json\/wp\/v2\/comments?post=31703"}],"version-history":[{"count":1,"href":"https:\/\/www.rinklin-naturkost.de\/fr\/wp-json\/wp\/v2\/posts\/31703\/revisions"}],"predecessor-version":[{"id":31704,"href":"https:\/\/www.rinklin-naturkost.de\/fr\/wp-json\/wp\/v2\/posts\/31703\/revisions\/31704"}],"wp:featuredmedia":[{"embeddable":true,"href":"https:\/\/www.rinklin-naturkost.de\/fr\/wp-json\/wp\/v2\/media\/9611"}],"wp:attachment":[{"href":"https:\/\/www.rinklin-naturkost.de\/fr\/wp-json\/wp\/v2\/media?parent=31703"}],"wp:term":[{"taxonomy":"category","embeddable":true,"href":"https:\/\/www.rinklin-naturkost.de\/fr\/wp-json\/wp\/v2\/categories?post=31703"},{"taxonomy":"post_tag","embeddable":true,"href":"https:\/\/www.rinklin-naturkost.de\/fr\/wp-json\/wp\/v2\/tags?post=31703"}],"curies":[{"name":"wp","href":"https:\/\/api.w.org\/{rel}","templated":true}]}}