{"id":31610,"date":"2019-07-23T12:50:32","date_gmt":"2019-07-23T10:50:32","guid":{"rendered":"https:\/\/www.rinklin-naturkost.de\/blog\/2019\/07\/23\/partnerpost-ausgabe-2018-2-2\/"},"modified":"2024-11-27T11:24:51","modified_gmt":"2024-11-27T10:24:51","slug":"partnerpost-ausgabe-2018-2-2","status":"publish","type":"post","link":"https:\/\/www.rinklin-naturkost.de\/fr\/blog\/2019\/07\/23\/partnerpost-ausgabe-2018-2-2\/","title":{"rendered":"PartnerPost &#8211; Ausgabe 1\/2019"},"content":{"rendered":"<h4>PartnerPost<\/h4>\n<p><span class=\"fontstyle0\">E<\/span><span class=\"fontstyle0\">ine spannungsgeladene, ereignisreiche und herausfordernde erste Jahresh\u00e4lfte liegt nun fast hinter uns, eine gute Gelegenheit also, eine kurze Halbzeitbilanz zu ziehen: Gleich zu Beginn des Jahres machte die BIOFACH 2019 mit dem Schwerpunkt \u201eSystem Bio \u2013 Im Ganzen gesund\u201c sehr deutlich, welche gesellschaftliche Relevanz BIO in Hinblick auf Nachhaltigkeit, Bodenqualit\u00e4t, Gesundheit von Pfl anzen, Tieren, Menschen und Umweltschutz zwischenzeitlich in einer breiten \u00f6ffentlichen Wahrnehmung haben, Tendenz steigend. Demonstratives i-T\u00fcpfelchen ist in diesem Zusammenhang sicher auch die \u201eFridays for Future\u201c-Bewegung, die f\u00fcr weltweites Nachdenken und hoffentlich sehr z\u00fcgiges Umdenken sorgt.<\/span><\/p>\n<p><span class=\"fontstyle0\"><br \/>\nDiesen Trend erkennen der konventionelle Lebensmittelhandel sowie die Discounter seit l\u00e4ngerem und erg\u00e4nzen ihre Sortimente zunehmend mit Bio-Produkten, was aus preispolitischen Gr\u00fcnden innerhalb der Naturkostbranche verst\u00e4ndlicherweise auf ein sehr geteiltes Echo st\u00f6\u00dft. Mit der Einf\u00fchrung von BIOLAND-Erzeugnissen bei Lidl im M\u00e4rz dieses Jahres hat die Debatte um Bio in LEH und Discounter nun weiter an Fahrt in der Branche gewonnen, was die Podiumsdiskussion im Rahmen unseres diesj\u00e4hrigen Rinklin-Kundentages eindrucksvoll abbildet. Aber sie zeigt auch, wie wichtig es in unser aller Interesse ist anzufangen, weit gr\u00f6\u00dfer zu denken und zu sehen, wo potenzielle Chancen f\u00fcr Erzeuger, Fachhandel und nat\u00fcrlich auch Verbraucher liegen.<\/span><\/p>\n<p>&nbsp;<\/p>\n<h4>So bleiben wir auch weiterhin der verl\u00e4ssliche Partner an Ihrer Seite.<\/h4>\n<a href=\"https:\/\/www.rinklin-naturkost.de\/wp-content\/uploads\/2019\/07\/WEB_PartnerPost-01-2019_klein.pdf\" target=\"_blank\" title=\"Link\"  data-id=\"mpc_button-9769f3bf148248b\" class=\"mpc-button mpc-init mpc-transition \" ><div class=\"mpc-button__content mpc-effect-type--stay mpc-effect-side--left\"><i class=\"mpc-button__icon mpc-transition  fa fa-file-pdf-o\"><\/i><span class=\"mpc-button__title mpc-transition\">PartnerPost downloaden<\/span><\/div><div class=\"mpc-button__background mpc-transition mpc-effect-type--fade mpc-effect-side--in\"><\/div><\/a>\n<div class=\"real3dflipbook\" id=\"11\" ><\/div>\n","protected":false},"excerpt":{"rendered":"<p>PartnerPost Eine spannungsgeladene, ereignisreiche und herausfordernde erste Jahresh\u00e4lfte liegt nun fast hinter uns, eine gute Gelegenheit also, eine kurze Halbzeitbilanz zu ziehen: Gleich zu Beginn des Jahres machte die BIOFACH 2019 mit dem Schwerpunkt \u201eSystem Bio \u2013 Im Ganzen gesund\u201c sehr deutlich, welche gesellschaftliche Relevanz BIO in Hinblick auf Nachhaltigkeit, Bodenqualit\u00e4t, Gesundheit von Pfl anzen,<\/p>\n","protected":false},"author":4,"featured_media":11288,"comment_status":"closed","ping_status":"closed","sticky":false,"template":"","format":"standard","meta":{"footnotes":""},"categories":[34],"tags":[101,390],"class_list":["post-31610","post","type-post","status-publish","format-standard","has-post-thumbnail","hentry","category-general","tag-partnerpost-fr","tag-rueckblick-fr"],"yoast_head":"<!-- This site is optimized with the Yoast SEO plugin v24.6 - https:\/\/yoast.com\/wordpress\/plugins\/seo\/ -->\n<title>PartnerPost - Ausgabe 1\/2019 - Rinklin Naturkost<\/title>\n<meta name=\"description\" content=\"Bl\u00e4ttern Sie hier in der aktuellen PartnerPost. Regelm\u00e4\u00dfig erfahren Sie von Themen, die Rinklin Naturkost bewegt und den Menschen, die sich f\u00fcr Rinklin Naturkost bewegen.\" \/>\n<meta name=\"robots\" content=\"index, follow, max-snippet:-1, max-image-preview:large, max-video-preview:-1\" \/>\n<link rel=\"canonical\" href=\"https:\/\/www.rinklin-naturkost.de\/fr\/blog\/2019\/07\/23\/partnerpost-ausgabe-2018-2-2\/\" \/>\n<meta property=\"og:locale\" content=\"fr_FR\" \/>\n<meta property=\"og:type\" content=\"article\" \/>\n<meta property=\"og:title\" content=\"PartnerPost - Ausgabe 1\/2019 - Rinklin Naturkost\" \/>\n<meta property=\"og:description\" content=\"Bl\u00e4ttern Sie hier in der aktuellen PartnerPost. Regelm\u00e4\u00dfig erfahren Sie von Themen, die Rinklin Naturkost bewegt und den Menschen, die sich f\u00fcr Rinklin Naturkost bewegen.\" \/>\n<meta property=\"og:url\" content=\"https:\/\/www.rinklin-naturkost.de\/fr\/blog\/2019\/07\/23\/partnerpost-ausgabe-2018-2-2\/\" \/>\n<meta property=\"og:site_name\" content=\"Rinklin Naturkost\" \/>\n<meta property=\"article:published_time\" content=\"2019-07-23T10:50:32+00:00\" \/>\n<meta property=\"article:modified_time\" content=\"2024-11-27T10:24:51+00:00\" \/>\n<meta property=\"og:image\" content=\"https:\/\/www.rinklin-naturkost.de\/wp-content\/uploads\/2019\/04\/IMG_4908.jpg\" \/>\n\t<meta property=\"og:image:width\" content=\"1920\" \/>\n\t<meta property=\"og:image:height\" content=\"1280\" \/>\n\t<meta property=\"og:image:type\" content=\"image\/jpeg\" \/>\n<meta name=\"author\" content=\"Kathrin Ziebold\" \/>\n<meta name=\"twitter:card\" content=\"summary_large_image\" \/>\n<meta name=\"twitter:label1\" content=\"\u00c9crit par\" \/>\n\t<meta name=\"twitter:data1\" content=\"Kathrin Ziebold\" \/>\n\t<meta name=\"twitter:label2\" content=\"Dur\u00e9e de lecture estim\u00e9e\" \/>\n\t<meta name=\"twitter:data2\" content=\"2 minutes\" \/>\n<script type=\"application\/ld+json\" class=\"yoast-schema-graph\">{\"@context\":\"https:\/\/schema.org\",\"@graph\":[{\"@type\":\"WebPage\",\"@id\":\"https:\/\/www.rinklin-naturkost.de\/fr\/blog\/2019\/07\/23\/partnerpost-ausgabe-2018-2-2\/\",\"url\":\"https:\/\/www.rinklin-naturkost.de\/fr\/blog\/2019\/07\/23\/partnerpost-ausgabe-2018-2-2\/\",\"name\":\"PartnerPost - Ausgabe 1\/2019 - Rinklin Naturkost\",\"isPartOf\":{\"@id\":\"https:\/\/www.rinklin-naturkost.de\/#website\"},\"primaryImageOfPage\":{\"@id\":\"https:\/\/www.rinklin-naturkost.de\/fr\/blog\/2019\/07\/23\/partnerpost-ausgabe-2018-2-2\/#primaryimage\"},\"image\":{\"@id\":\"https:\/\/www.rinklin-naturkost.de\/fr\/blog\/2019\/07\/23\/partnerpost-ausgabe-2018-2-2\/#primaryimage\"},\"thumbnailUrl\":\"https:\/\/www.rinklin-naturkost.de\/wp-content\/uploads\/2019\/04\/IMG_4908.jpg\",\"datePublished\":\"2019-07-23T10:50:32+00:00\",\"dateModified\":\"2024-11-27T10:24:51+00:00\",\"author\":{\"@id\":\"https:\/\/www.rinklin-naturkost.de\/#\/schema\/person\/284fdcb425bb2a0e113babcb6880df74\"},\"description\":\"Bl\u00e4ttern Sie hier in der aktuellen PartnerPost. Regelm\u00e4\u00dfig erfahren Sie von Themen, die Rinklin Naturkost bewegt und den Menschen, die sich f\u00fcr Rinklin Naturkost bewegen.\",\"breadcrumb\":{\"@id\":\"https:\/\/www.rinklin-naturkost.de\/fr\/blog\/2019\/07\/23\/partnerpost-ausgabe-2018-2-2\/#breadcrumb\"},\"inLanguage\":\"fr-FR\",\"potentialAction\":[{\"@type\":\"ReadAction\",\"target\":[\"https:\/\/www.rinklin-naturkost.de\/fr\/blog\/2019\/07\/23\/partnerpost-ausgabe-2018-2-2\/\"]}]},{\"@type\":\"ImageObject\",\"inLanguage\":\"fr-FR\",\"@id\":\"https:\/\/www.rinklin-naturkost.de\/fr\/blog\/2019\/07\/23\/partnerpost-ausgabe-2018-2-2\/#primaryimage\",\"url\":\"https:\/\/www.rinklin-naturkost.de\/wp-content\/uploads\/2019\/04\/IMG_4908.jpg\",\"contentUrl\":\"https:\/\/www.rinklin-naturkost.de\/wp-content\/uploads\/2019\/04\/IMG_4908.jpg\",\"width\":1920,\"height\":1280},{\"@type\":\"BreadcrumbList\",\"@id\":\"https:\/\/www.rinklin-naturkost.de\/fr\/blog\/2019\/07\/23\/partnerpost-ausgabe-2018-2-2\/#breadcrumb\",\"itemListElement\":[{\"@type\":\"ListItem\",\"position\":1,\"name\":\"Accueil\",\"item\":\"https:\/\/www.rinklin-naturkost.de\/fr\/\"},{\"@type\":\"ListItem\",\"position\":2,\"name\":\"PartnerPost &#8211; Ausgabe 1\/2019\"}]},{\"@type\":\"WebSite\",\"@id\":\"https:\/\/www.rinklin-naturkost.de\/#website\",\"url\":\"https:\/\/www.rinklin-naturkost.de\/\",\"name\":\"Rinklin Naturkost\",\"description\":\"Der Bio-Gro\u00dfh\u00e4ndler vom Kaiserstuhl\",\"potentialAction\":[{\"@type\":\"SearchAction\",\"target\":{\"@type\":\"EntryPoint\",\"urlTemplate\":\"https:\/\/www.rinklin-naturkost.de\/?s={search_term_string}\"},\"query-input\":{\"@type\":\"PropertyValueSpecification\",\"valueRequired\":true,\"valueName\":\"search_term_string\"}}],\"inLanguage\":\"fr-FR\"},{\"@type\":\"Person\",\"@id\":\"https:\/\/www.rinklin-naturkost.de\/#\/schema\/person\/284fdcb425bb2a0e113babcb6880df74\",\"name\":\"Kathrin Ziebold\",\"image\":{\"@type\":\"ImageObject\",\"inLanguage\":\"fr-FR\",\"@id\":\"https:\/\/www.rinklin-naturkost.de\/#\/schema\/person\/image\/\",\"url\":\"https:\/\/secure.gravatar.com\/avatar\/29e68b8f2f4406e88dc003b2f9263153?s=96&d=mm&r=g\",\"contentUrl\":\"https:\/\/secure.gravatar.com\/avatar\/29e68b8f2f4406e88dc003b2f9263153?s=96&d=mm&r=g\",\"caption\":\"Kathrin Ziebold\"},\"url\":\"https:\/\/www.rinklin-naturkost.de\/fr\/blog\/author\/k-ziebold\/\"}]}<\/script>\n<!-- \/ Yoast SEO plugin. -->","yoast_head_json":{"title":"PartnerPost - Ausgabe 1\/2019 - Rinklin Naturkost","description":"Bl\u00e4ttern Sie hier in der aktuellen PartnerPost. Regelm\u00e4\u00dfig erfahren Sie von Themen, die Rinklin Naturkost bewegt und den Menschen, die sich f\u00fcr Rinklin Naturkost bewegen.","robots":{"index":"index","follow":"follow","max-snippet":"max-snippet:-1","max-image-preview":"max-image-preview:large","max-video-preview":"max-video-preview:-1"},"canonical":"https:\/\/www.rinklin-naturkost.de\/fr\/blog\/2019\/07\/23\/partnerpost-ausgabe-2018-2-2\/","og_locale":"fr_FR","og_type":"article","og_title":"PartnerPost - Ausgabe 1\/2019 - Rinklin Naturkost","og_description":"Bl\u00e4ttern Sie hier in der aktuellen PartnerPost. Regelm\u00e4\u00dfig erfahren Sie von Themen, die Rinklin Naturkost bewegt und den Menschen, die sich f\u00fcr Rinklin Naturkost bewegen.","og_url":"https:\/\/www.rinklin-naturkost.de\/fr\/blog\/2019\/07\/23\/partnerpost-ausgabe-2018-2-2\/","og_site_name":"Rinklin Naturkost","article_published_time":"2019-07-23T10:50:32+00:00","article_modified_time":"2024-11-27T10:24:51+00:00","og_image":[{"width":1920,"height":1280,"url":"https:\/\/www.rinklin-naturkost.de\/wp-content\/uploads\/2019\/04\/IMG_4908.jpg","type":"image\/jpeg"}],"author":"Kathrin Ziebold","twitter_card":"summary_large_image","twitter_misc":{"\u00c9crit par":"Kathrin Ziebold","Dur\u00e9e de lecture estim\u00e9e":"2 minutes"},"schema":{"@context":"https:\/\/schema.org","@graph":[{"@type":"WebPage","@id":"https:\/\/www.rinklin-naturkost.de\/fr\/blog\/2019\/07\/23\/partnerpost-ausgabe-2018-2-2\/","url":"https:\/\/www.rinklin-naturkost.de\/fr\/blog\/2019\/07\/23\/partnerpost-ausgabe-2018-2-2\/","name":"PartnerPost - Ausgabe 1\/2019 - Rinklin Naturkost","isPartOf":{"@id":"https:\/\/www.rinklin-naturkost.de\/#website"},"primaryImageOfPage":{"@id":"https:\/\/www.rinklin-naturkost.de\/fr\/blog\/2019\/07\/23\/partnerpost-ausgabe-2018-2-2\/#primaryimage"},"image":{"@id":"https:\/\/www.rinklin-naturkost.de\/fr\/blog\/2019\/07\/23\/partnerpost-ausgabe-2018-2-2\/#primaryimage"},"thumbnailUrl":"https:\/\/www.rinklin-naturkost.de\/wp-content\/uploads\/2019\/04\/IMG_4908.jpg","datePublished":"2019-07-23T10:50:32+00:00","dateModified":"2024-11-27T10:24:51+00:00","author":{"@id":"https:\/\/www.rinklin-naturkost.de\/#\/schema\/person\/284fdcb425bb2a0e113babcb6880df74"},"description":"Bl\u00e4ttern Sie hier in der aktuellen PartnerPost. Regelm\u00e4\u00dfig erfahren Sie von Themen, die Rinklin Naturkost bewegt und den Menschen, die sich f\u00fcr Rinklin Naturkost bewegen.","breadcrumb":{"@id":"https:\/\/www.rinklin-naturkost.de\/fr\/blog\/2019\/07\/23\/partnerpost-ausgabe-2018-2-2\/#breadcrumb"},"inLanguage":"fr-FR","potentialAction":[{"@type":"ReadAction","target":["https:\/\/www.rinklin-naturkost.de\/fr\/blog\/2019\/07\/23\/partnerpost-ausgabe-2018-2-2\/"]}]},{"@type":"ImageObject","inLanguage":"fr-FR","@id":"https:\/\/www.rinklin-naturkost.de\/fr\/blog\/2019\/07\/23\/partnerpost-ausgabe-2018-2-2\/#primaryimage","url":"https:\/\/www.rinklin-naturkost.de\/wp-content\/uploads\/2019\/04\/IMG_4908.jpg","contentUrl":"https:\/\/www.rinklin-naturkost.de\/wp-content\/uploads\/2019\/04\/IMG_4908.jpg","width":1920,"height":1280},{"@type":"BreadcrumbList","@id":"https:\/\/www.rinklin-naturkost.de\/fr\/blog\/2019\/07\/23\/partnerpost-ausgabe-2018-2-2\/#breadcrumb","itemListElement":[{"@type":"ListItem","position":1,"name":"Accueil","item":"https:\/\/www.rinklin-naturkost.de\/fr\/"},{"@type":"ListItem","position":2,"name":"PartnerPost &#8211; Ausgabe 1\/2019"}]},{"@type":"WebSite","@id":"https:\/\/www.rinklin-naturkost.de\/#website","url":"https:\/\/www.rinklin-naturkost.de\/","name":"Rinklin Naturkost","description":"Der Bio-Gro\u00dfh\u00e4ndler vom Kaiserstuhl","potentialAction":[{"@type":"SearchAction","target":{"@type":"EntryPoint","urlTemplate":"https:\/\/www.rinklin-naturkost.de\/?s={search_term_string}"},"query-input":{"@type":"PropertyValueSpecification","valueRequired":true,"valueName":"search_term_string"}}],"inLanguage":"fr-FR"},{"@type":"Person","@id":"https:\/\/www.rinklin-naturkost.de\/#\/schema\/person\/284fdcb425bb2a0e113babcb6880df74","name":"Kathrin Ziebold","image":{"@type":"ImageObject","inLanguage":"fr-FR","@id":"https:\/\/www.rinklin-naturkost.de\/#\/schema\/person\/image\/","url":"https:\/\/secure.gravatar.com\/avatar\/29e68b8f2f4406e88dc003b2f9263153?s=96&d=mm&r=g","contentUrl":"https:\/\/secure.gravatar.com\/avatar\/29e68b8f2f4406e88dc003b2f9263153?s=96&d=mm&r=g","caption":"Kathrin Ziebold"},"url":"https:\/\/www.rinklin-naturkost.de\/fr\/blog\/author\/k-ziebold\/"}]}},"_links":{"self":[{"href":"https:\/\/www.rinklin-naturkost.de\/fr\/wp-json\/wp\/v2\/posts\/31610","targetHints":{"allow":["GET"]}}],"collection":[{"href":"https:\/\/www.rinklin-naturkost.de\/fr\/wp-json\/wp\/v2\/posts"}],"about":[{"href":"https:\/\/www.rinklin-naturkost.de\/fr\/wp-json\/wp\/v2\/types\/post"}],"author":[{"embeddable":true,"href":"https:\/\/www.rinklin-naturkost.de\/fr\/wp-json\/wp\/v2\/users\/4"}],"replies":[{"embeddable":true,"href":"https:\/\/www.rinklin-naturkost.de\/fr\/wp-json\/wp\/v2\/comments?post=31610"}],"version-history":[{"count":1,"href":"https:\/\/www.rinklin-naturkost.de\/fr\/wp-json\/wp\/v2\/posts\/31610\/revisions"}],"predecessor-version":[{"id":31611,"href":"https:\/\/www.rinklin-naturkost.de\/fr\/wp-json\/wp\/v2\/posts\/31610\/revisions\/31611"}],"wp:featuredmedia":[{"embeddable":true,"href":"https:\/\/www.rinklin-naturkost.de\/fr\/wp-json\/wp\/v2\/media\/11288"}],"wp:attachment":[{"href":"https:\/\/www.rinklin-naturkost.de\/fr\/wp-json\/wp\/v2\/media?parent=31610"}],"wp:term":[{"taxonomy":"category","embeddable":true,"href":"https:\/\/www.rinklin-naturkost.de\/fr\/wp-json\/wp\/v2\/categories?post=31610"},{"taxonomy":"post_tag","embeddable":true,"href":"https:\/\/www.rinklin-naturkost.de\/fr\/wp-json\/wp\/v2\/tags?post=31610"}],"curies":[{"name":"wp","href":"https:\/\/api.w.org\/{rel}","templated":true}]}}