{"id":31530,"date":"2023-06-09T12:59:05","date_gmt":"2023-06-09T10:59:05","guid":{"rendered":"https:\/\/www.rinklin-naturkost.de\/blog\/2023\/06\/09\/biosued-2023-09-10-september-2023\/"},"modified":"2024-11-27T10:53:44","modified_gmt":"2024-11-27T09:53:44","slug":"biosued-2023-09-10-september-2023","status":"publish","type":"post","link":"https:\/\/www.rinklin-naturkost.de\/fr\/blog\/2023\/06\/09\/biosued-2023-09-10-september-2023\/","title":{"rendered":"BioS\u00fcd 2023 &#8211; 09. &#038; 10. September 2023"},"content":{"rendered":"<section class=\"l-section wpb_row height_medium mpc-row\"><div class=\"l-section-h i-cf\"><div class=\"g-cols vc_row via_flex valign_top type_default stacking_default\"><div class=\"vc_col-sm-12 wpb_column vc_column_container mpc-column\" data-column-id=\"mpc_column-6469f38d0247797\"><div class=\"vc_column-inner\"><div class=\"wpb_wrapper\"><div class=\"wpb_text_column\"><div class=\"wpb_wrapper\"><h2 style=\"text-align: center;\"><span style=\"color: #084f08;\"><strong><span class=\"fontstyle0\">&nbsp;Wer lebt, sieht viel. Wer reist, sieht mehr. (<\/span><\/strong><\/span><span style=\"color: #084f08;\"><span class=\"fontstyle0\"><em>arabisches Sprichwort<\/em><\/span><strong><span class=\"fontstyle0\">)<\/span><\/strong><\/span><\/h2>\n<p><span class=\"fontstyle0\">In seinen sp&auml;ten Tagen l&auml;sst es der Sommer nochmal so richtig krachen, verabschiedet sich mit strahlenden Sonnenblumen, den letzten stattlichen Zinnien und den ersten herbstlich anmutenden Astern, bevor er seine sonnengereiften Baum- und Bodenfr&uuml;chte in die Obhut seines Nachfolgers gibt. Uns verw&ouml;hnt er mit milden Temperaturen, die uns auf unserer allj&auml;hrlichen Reise nach Augsburg begleiten und zu der wir Sie herzlichst einladen.<\/span><\/p>\n<p><span class=\"fontstyle0\">Wir starten am <span class=\"fontstyle2\">Samstag, 9. September 2023 <\/span>im Laufe des Vormittags wie gewohnt &uuml;ber zwei unterschiedliche Routen in komfortablen Reisebussen und rundum bestens versorgt. Nach Ankunft im Hotel und Bezug der Zimmer lassen wir den Tag bei kulinarischer Vielfalt im Kreis unserer G&auml;ste harmonisch ausklingen.<\/span><\/p>\n<p><span class=\"fontstyle0\">Selbstverst&auml;ndlich haben Sie dar&uuml;ber hinaus die M&ouml;glichkeit, in Eigenregie anzureisen und sowohl unser Hotelangebot als auch unser Abendprogramm zu nutzen. In diesem Falle w&uuml;rden wir uns sehr freuen, Sie um 18.00 Uhr im Hotel Zeller willkommen zu hei&szlig;en.<\/span><\/p>\n<p><span class=\"fontstyle0\">Am <span class=\"fontstyle2\">Sonntag, 10. September 2023 <\/span>dreht sich selbstverst&auml;ndlich alles um die Fachmesse BioS&uuml;d, die mit &uuml;ber 400 Ausstellern ein attraktives Messegeschehen, pers&ouml;nlich inspirierende Austausche und ein lebendiges Miteinander garantiert. Im Laufe des Sp&auml;tnachmittags treten wir die R&uuml;ckreise an.<\/span><\/p>\n<p><span class=\"fontstyle0\"><strong>Seien Sie dabei, treffen Sie Gleichgesinnte und erleben Sie Messe-Ambiente &bdquo;at its best&ldquo;. Wir freuen uns auf Sie!<\/strong><br>\n<\/span><\/p>\n<h2 style=\"text-align: center;\"><span style=\"color: #194219;\"><strong><a href=\"https:\/\/www.rinklin-naturkost.de\/wp-content\/uploads\/2023\/06\/INTERAKTIV_BioSued_Kundeninfo_Busreise-2023-009.pdf\">&gt;&gt;Hier finden Sie den Reiseplan und das Anmeldeformular zum Download.&lt;&lt;<\/a><br>\n<\/strong><\/span><\/h2>\n<h4><\/h4>\n<\/div><\/div><div class=\"w-image align_center\"><div class=\"w-image-h\"><img decoding=\"async\" width=\"989\" height=\"194\" src=\"https:\/\/www.rinklin-naturkost.de\/wp-content\/uploads\/2022\/07\/biosued.jpg\" class=\"attachment-full size-full\" alt=\"\" loading=\"lazy\" srcset=\"https:\/\/www.rinklin-naturkost.de\/wp-content\/uploads\/2022\/07\/biosued.jpg 989w, https:\/\/www.rinklin-naturkost.de\/wp-content\/uploads\/2022\/07\/biosued-300x59.jpg 300w, https:\/\/www.rinklin-naturkost.de\/wp-content\/uploads\/2022\/07\/biosued-600x118.jpg 600w, https:\/\/www.rinklin-naturkost.de\/wp-content\/uploads\/2022\/07\/biosued-768x151.jpg 768w\" sizes=\"auto, (max-width: 989px) 100vw, 989px\"><\/div><\/div><\/div><\/div><\/div><\/div><\/div><\/section>\n","protected":false},"excerpt":{"rendered":"<p>Sehen und erleben! Treffen Sie Gleichgesinnte auf der BioS\u00fcd bzw. bereits auf der Fahrt dorthin. Wir freuen uns auf den Austausch mit Ihnen!<\/p>\n","protected":false},"author":4,"featured_media":27132,"comment_status":"closed","ping_status":"closed","sticky":false,"template":"","format":"standard","meta":{"footnotes":""},"categories":[341,165],"tags":[349,350,351,352],"class_list":["post-31530","post","type-post","status-publish","format-standard","has-post-thumbnail","hentry","category-evenement","category-salon","tag-ausgburg-fr","tag-biosued-fr","tag-kundenfahrt-fr","tag-messe-fr"],"yoast_head":"<!-- This site is optimized with the Yoast SEO plugin v24.6 - https:\/\/yoast.com\/wordpress\/plugins\/seo\/ -->\n<title>BioS\u00fcd 2023 - 09. &amp; 10. September 2023 - Rinklin Naturkost<\/title>\n<meta name=\"robots\" content=\"index, follow, max-snippet:-1, max-image-preview:large, max-video-preview:-1\" \/>\n<link rel=\"canonical\" href=\"https:\/\/www.rinklin-naturkost.de\/fr\/blog\/2023\/06\/09\/biosued-2023-09-10-september-2023\/\" \/>\n<meta property=\"og:locale\" content=\"fr_FR\" \/>\n<meta property=\"og:type\" content=\"article\" \/>\n<meta property=\"og:title\" content=\"BioS\u00fcd 2023 - 09. &amp; 10. September 2023 - Rinklin Naturkost\" \/>\n<meta property=\"og:description\" content=\"Sehen und erleben! Treffen Sie Gleichgesinnte auf der BioS\u00fcd bzw. bereits auf der Fahrt dorthin. Wir freuen uns auf den Austausch mit Ihnen!\" \/>\n<meta property=\"og:url\" content=\"https:\/\/www.rinklin-naturkost.de\/fr\/blog\/2023\/06\/09\/biosued-2023-09-10-september-2023\/\" \/>\n<meta property=\"og:site_name\" content=\"Rinklin Naturkost\" \/>\n<meta property=\"article:published_time\" content=\"2023-06-09T10:59:05+00:00\" \/>\n<meta property=\"article:modified_time\" content=\"2024-11-27T09:53:44+00:00\" \/>\n<meta property=\"og:image\" content=\"https:\/\/www.rinklin-naturkost.de\/wp-content\/uploads\/2023\/06\/Herbstastern-M-iStock-697239332-scaled.jpg\" \/>\n\t<meta property=\"og:image:width\" content=\"2560\" \/>\n\t<meta property=\"og:image:height\" content=\"1714\" \/>\n\t<meta property=\"og:image:type\" content=\"image\/jpeg\" \/>\n<meta name=\"author\" content=\"Kathrin Ziebold\" \/>\n<meta name=\"twitter:card\" content=\"summary_large_image\" \/>\n<meta name=\"twitter:label1\" content=\"\u00c9crit par\" \/>\n\t<meta name=\"twitter:data1\" content=\"Kathrin Ziebold\" \/>\n\t<meta name=\"twitter:label2\" content=\"Dur\u00e9e de lecture estim\u00e9e\" \/>\n\t<meta name=\"twitter:data2\" content=\"2 minutes\" \/>\n<script type=\"application\/ld+json\" class=\"yoast-schema-graph\">{\"@context\":\"https:\/\/schema.org\",\"@graph\":[{\"@type\":\"WebPage\",\"@id\":\"https:\/\/www.rinklin-naturkost.de\/fr\/blog\/2023\/06\/09\/biosued-2023-09-10-september-2023\/\",\"url\":\"https:\/\/www.rinklin-naturkost.de\/fr\/blog\/2023\/06\/09\/biosued-2023-09-10-september-2023\/\",\"name\":\"BioS\u00fcd 2023 - 09. & 10. September 2023 - Rinklin Naturkost\",\"isPartOf\":{\"@id\":\"https:\/\/www.rinklin-naturkost.de\/#website\"},\"primaryImageOfPage\":{\"@id\":\"https:\/\/www.rinklin-naturkost.de\/fr\/blog\/2023\/06\/09\/biosued-2023-09-10-september-2023\/#primaryimage\"},\"image\":{\"@id\":\"https:\/\/www.rinklin-naturkost.de\/fr\/blog\/2023\/06\/09\/biosued-2023-09-10-september-2023\/#primaryimage\"},\"thumbnailUrl\":\"https:\/\/www.rinklin-naturkost.de\/wp-content\/uploads\/2023\/06\/Herbstastern-M-iStock-697239332-scaled.jpg\",\"datePublished\":\"2023-06-09T10:59:05+00:00\",\"dateModified\":\"2024-11-27T09:53:44+00:00\",\"author\":{\"@id\":\"https:\/\/www.rinklin-naturkost.de\/#\/schema\/person\/284fdcb425bb2a0e113babcb6880df74\"},\"breadcrumb\":{\"@id\":\"https:\/\/www.rinklin-naturkost.de\/fr\/blog\/2023\/06\/09\/biosued-2023-09-10-september-2023\/#breadcrumb\"},\"inLanguage\":\"fr-FR\",\"potentialAction\":[{\"@type\":\"ReadAction\",\"target\":[\"https:\/\/www.rinklin-naturkost.de\/fr\/blog\/2023\/06\/09\/biosued-2023-09-10-september-2023\/\"]}]},{\"@type\":\"ImageObject\",\"inLanguage\":\"fr-FR\",\"@id\":\"https:\/\/www.rinklin-naturkost.de\/fr\/blog\/2023\/06\/09\/biosued-2023-09-10-september-2023\/#primaryimage\",\"url\":\"https:\/\/www.rinklin-naturkost.de\/wp-content\/uploads\/2023\/06\/Herbstastern-M-iStock-697239332-scaled.jpg\",\"contentUrl\":\"https:\/\/www.rinklin-naturkost.de\/wp-content\/uploads\/2023\/06\/Herbstastern-M-iStock-697239332-scaled.jpg\",\"width\":2560,\"height\":1714,\"caption\":\"697239332\"},{\"@type\":\"BreadcrumbList\",\"@id\":\"https:\/\/www.rinklin-naturkost.de\/fr\/blog\/2023\/06\/09\/biosued-2023-09-10-september-2023\/#breadcrumb\",\"itemListElement\":[{\"@type\":\"ListItem\",\"position\":1,\"name\":\"Accueil\",\"item\":\"https:\/\/www.rinklin-naturkost.de\/fr\/\"},{\"@type\":\"ListItem\",\"position\":2,\"name\":\"BioS\u00fcd 2023 &#8211; 09. &#038; 10. September 2023\"}]},{\"@type\":\"WebSite\",\"@id\":\"https:\/\/www.rinklin-naturkost.de\/#website\",\"url\":\"https:\/\/www.rinklin-naturkost.de\/\",\"name\":\"Rinklin Naturkost\",\"description\":\"Der Bio-Gro\u00dfh\u00e4ndler vom Kaiserstuhl\",\"potentialAction\":[{\"@type\":\"SearchAction\",\"target\":{\"@type\":\"EntryPoint\",\"urlTemplate\":\"https:\/\/www.rinklin-naturkost.de\/?s={search_term_string}\"},\"query-input\":{\"@type\":\"PropertyValueSpecification\",\"valueRequired\":true,\"valueName\":\"search_term_string\"}}],\"inLanguage\":\"fr-FR\"},{\"@type\":\"Person\",\"@id\":\"https:\/\/www.rinklin-naturkost.de\/#\/schema\/person\/284fdcb425bb2a0e113babcb6880df74\",\"name\":\"Kathrin Ziebold\",\"image\":{\"@type\":\"ImageObject\",\"inLanguage\":\"fr-FR\",\"@id\":\"https:\/\/www.rinklin-naturkost.de\/#\/schema\/person\/image\/\",\"url\":\"https:\/\/secure.gravatar.com\/avatar\/29e68b8f2f4406e88dc003b2f9263153?s=96&d=mm&r=g\",\"contentUrl\":\"https:\/\/secure.gravatar.com\/avatar\/29e68b8f2f4406e88dc003b2f9263153?s=96&d=mm&r=g\",\"caption\":\"Kathrin Ziebold\"},\"url\":\"https:\/\/www.rinklin-naturkost.de\/fr\/blog\/author\/k-ziebold\/\"}]}<\/script>\n<!-- \/ Yoast SEO plugin. -->","yoast_head_json":{"title":"BioS\u00fcd 2023 - 09. & 10. September 2023 - Rinklin Naturkost","robots":{"index":"index","follow":"follow","max-snippet":"max-snippet:-1","max-image-preview":"max-image-preview:large","max-video-preview":"max-video-preview:-1"},"canonical":"https:\/\/www.rinklin-naturkost.de\/fr\/blog\/2023\/06\/09\/biosued-2023-09-10-september-2023\/","og_locale":"fr_FR","og_type":"article","og_title":"BioS\u00fcd 2023 - 09. & 10. September 2023 - Rinklin Naturkost","og_description":"Sehen und erleben! Treffen Sie Gleichgesinnte auf der BioS\u00fcd bzw. bereits auf der Fahrt dorthin. Wir freuen uns auf den Austausch mit Ihnen!","og_url":"https:\/\/www.rinklin-naturkost.de\/fr\/blog\/2023\/06\/09\/biosued-2023-09-10-september-2023\/","og_site_name":"Rinklin Naturkost","article_published_time":"2023-06-09T10:59:05+00:00","article_modified_time":"2024-11-27T09:53:44+00:00","og_image":[{"width":2560,"height":1714,"url":"https:\/\/www.rinklin-naturkost.de\/wp-content\/uploads\/2023\/06\/Herbstastern-M-iStock-697239332-scaled.jpg","type":"image\/jpeg"}],"author":"Kathrin Ziebold","twitter_card":"summary_large_image","twitter_misc":{"\u00c9crit par":"Kathrin Ziebold","Dur\u00e9e de lecture estim\u00e9e":"2 minutes"},"schema":{"@context":"https:\/\/schema.org","@graph":[{"@type":"WebPage","@id":"https:\/\/www.rinklin-naturkost.de\/fr\/blog\/2023\/06\/09\/biosued-2023-09-10-september-2023\/","url":"https:\/\/www.rinklin-naturkost.de\/fr\/blog\/2023\/06\/09\/biosued-2023-09-10-september-2023\/","name":"BioS\u00fcd 2023 - 09. & 10. September 2023 - Rinklin Naturkost","isPartOf":{"@id":"https:\/\/www.rinklin-naturkost.de\/#website"},"primaryImageOfPage":{"@id":"https:\/\/www.rinklin-naturkost.de\/fr\/blog\/2023\/06\/09\/biosued-2023-09-10-september-2023\/#primaryimage"},"image":{"@id":"https:\/\/www.rinklin-naturkost.de\/fr\/blog\/2023\/06\/09\/biosued-2023-09-10-september-2023\/#primaryimage"},"thumbnailUrl":"https:\/\/www.rinklin-naturkost.de\/wp-content\/uploads\/2023\/06\/Herbstastern-M-iStock-697239332-scaled.jpg","datePublished":"2023-06-09T10:59:05+00:00","dateModified":"2024-11-27T09:53:44+00:00","author":{"@id":"https:\/\/www.rinklin-naturkost.de\/#\/schema\/person\/284fdcb425bb2a0e113babcb6880df74"},"breadcrumb":{"@id":"https:\/\/www.rinklin-naturkost.de\/fr\/blog\/2023\/06\/09\/biosued-2023-09-10-september-2023\/#breadcrumb"},"inLanguage":"fr-FR","potentialAction":[{"@type":"ReadAction","target":["https:\/\/www.rinklin-naturkost.de\/fr\/blog\/2023\/06\/09\/biosued-2023-09-10-september-2023\/"]}]},{"@type":"ImageObject","inLanguage":"fr-FR","@id":"https:\/\/www.rinklin-naturkost.de\/fr\/blog\/2023\/06\/09\/biosued-2023-09-10-september-2023\/#primaryimage","url":"https:\/\/www.rinklin-naturkost.de\/wp-content\/uploads\/2023\/06\/Herbstastern-M-iStock-697239332-scaled.jpg","contentUrl":"https:\/\/www.rinklin-naturkost.de\/wp-content\/uploads\/2023\/06\/Herbstastern-M-iStock-697239332-scaled.jpg","width":2560,"height":1714,"caption":"697239332"},{"@type":"BreadcrumbList","@id":"https:\/\/www.rinklin-naturkost.de\/fr\/blog\/2023\/06\/09\/biosued-2023-09-10-september-2023\/#breadcrumb","itemListElement":[{"@type":"ListItem","position":1,"name":"Accueil","item":"https:\/\/www.rinklin-naturkost.de\/fr\/"},{"@type":"ListItem","position":2,"name":"BioS\u00fcd 2023 &#8211; 09. &#038; 10. September 2023"}]},{"@type":"WebSite","@id":"https:\/\/www.rinklin-naturkost.de\/#website","url":"https:\/\/www.rinklin-naturkost.de\/","name":"Rinklin Naturkost","description":"Der Bio-Gro\u00dfh\u00e4ndler vom Kaiserstuhl","potentialAction":[{"@type":"SearchAction","target":{"@type":"EntryPoint","urlTemplate":"https:\/\/www.rinklin-naturkost.de\/?s={search_term_string}"},"query-input":{"@type":"PropertyValueSpecification","valueRequired":true,"valueName":"search_term_string"}}],"inLanguage":"fr-FR"},{"@type":"Person","@id":"https:\/\/www.rinklin-naturkost.de\/#\/schema\/person\/284fdcb425bb2a0e113babcb6880df74","name":"Kathrin Ziebold","image":{"@type":"ImageObject","inLanguage":"fr-FR","@id":"https:\/\/www.rinklin-naturkost.de\/#\/schema\/person\/image\/","url":"https:\/\/secure.gravatar.com\/avatar\/29e68b8f2f4406e88dc003b2f9263153?s=96&d=mm&r=g","contentUrl":"https:\/\/secure.gravatar.com\/avatar\/29e68b8f2f4406e88dc003b2f9263153?s=96&d=mm&r=g","caption":"Kathrin Ziebold"},"url":"https:\/\/www.rinklin-naturkost.de\/fr\/blog\/author\/k-ziebold\/"}]}},"_links":{"self":[{"href":"https:\/\/www.rinklin-naturkost.de\/fr\/wp-json\/wp\/v2\/posts\/31530","targetHints":{"allow":["GET"]}}],"collection":[{"href":"https:\/\/www.rinklin-naturkost.de\/fr\/wp-json\/wp\/v2\/posts"}],"about":[{"href":"https:\/\/www.rinklin-naturkost.de\/fr\/wp-json\/wp\/v2\/types\/post"}],"author":[{"embeddable":true,"href":"https:\/\/www.rinklin-naturkost.de\/fr\/wp-json\/wp\/v2\/users\/4"}],"replies":[{"embeddable":true,"href":"https:\/\/www.rinklin-naturkost.de\/fr\/wp-json\/wp\/v2\/comments?post=31530"}],"version-history":[{"count":1,"href":"https:\/\/www.rinklin-naturkost.de\/fr\/wp-json\/wp\/v2\/posts\/31530\/revisions"}],"predecessor-version":[{"id":31531,"href":"https:\/\/www.rinklin-naturkost.de\/fr\/wp-json\/wp\/v2\/posts\/31530\/revisions\/31531"}],"wp:featuredmedia":[{"embeddable":true,"href":"https:\/\/www.rinklin-naturkost.de\/fr\/wp-json\/wp\/v2\/media\/27132"}],"wp:attachment":[{"href":"https:\/\/www.rinklin-naturkost.de\/fr\/wp-json\/wp\/v2\/media?parent=31530"}],"wp:term":[{"taxonomy":"category","embeddable":true,"href":"https:\/\/www.rinklin-naturkost.de\/fr\/wp-json\/wp\/v2\/categories?post=31530"},{"taxonomy":"post_tag","embeddable":true,"href":"https:\/\/www.rinklin-naturkost.de\/fr\/wp-json\/wp\/v2\/tags?post=31530"}],"curies":[{"name":"wp","href":"https:\/\/api.w.org\/{rel}","templated":true}]}}