{"id":31393,"date":"2024-11-21T14:33:03","date_gmt":"2024-11-21T13:33:03","guid":{"rendered":"https:\/\/www.rinklin-naturkost.de\/?p=31393"},"modified":"2025-02-11T14:33:42","modified_gmt":"2025-02-11T13:33:42","slug":"magdalena-sven-danzeisen-kaiserkraeuter","status":"publish","type":"post","link":"https:\/\/www.rinklin-naturkost.de\/fr\/blog\/2024\/11\/21\/magdalena-sven-danzeisen-kaiserkraeuter\/","title":{"rendered":"Magdalena &#038; Sven Danzeisen \u2013 Kaiserkr\u00e4uter"},"content":{"rendered":"<section class=\"l-section wpb_row height_medium mpc-row\"><div class=\"l-section-h i-cf\"><div class=\"g-cols vc_row via_flex valign_middle type_default stacking_default\"><div class=\"vc_col-sm-2\/5 wpb_column vc_column_container mpc-column\" data-column-id=\"mpc_column-4169f1d7590f466\"><div class=\"vc_column-inner\"><div class=\"wpb_wrapper\"><div class=\"w-image us_custom_45004b9e align_none\"><div class=\"w-image-h\"><img decoding=\"async\" width=\"1200\" height=\"1046\" src=\"https:\/\/www.rinklin-naturkost.de\/wp-content\/uploads\/2021\/01\/Kaiserkraeuter-1.jpg\" class=\"attachment-full size-full\" alt=\"\" loading=\"lazy\" srcset=\"https:\/\/www.rinklin-naturkost.de\/wp-content\/uploads\/2021\/01\/Kaiserkraeuter-1.jpg 1200w, https:\/\/www.rinklin-naturkost.de\/wp-content\/uploads\/2021\/01\/Kaiserkraeuter-1-300x262.jpg 300w, https:\/\/www.rinklin-naturkost.de\/wp-content\/uploads\/2021\/01\/Kaiserkraeuter-1-600x523.jpg 600w, https:\/\/www.rinklin-naturkost.de\/wp-content\/uploads\/2021\/01\/Kaiserkraeuter-1-768x669.jpg 768w\" sizes=\"auto, (max-width: 1200px) 100vw, 1200px\"><\/div><\/div><\/div><\/div><\/div><div class=\"vc_col-sm-3\/5 wpb_column vc_column_container mpc-column\" data-column-id=\"mpc_column-269f1d7590f971\"><div class=\"vc_column-inner\"><div class=\"wpb_wrapper\"><div class=\"wpb_text_column\"><div class=\"wpb_wrapper\"><h4>Magdalena et Sven Danzeisen &ndash; Kaiserkr&auml;uter<\/h4>\n<blockquote>\n<p>La proximit&eacute; et la longue collaboration de plus de 25 ans impliquent pour nous un attachement et une obligation. Pour la commercialisation de nos fines herbes fra&icirc;ches, nous avons toujours enti&egrave;rement mis&eacute; sur Rinklin. 2,5 kilom&egrave;tres entre le champ et le grossiste, c&rsquo;est vraiment formidable.<\/p>\n<\/blockquote>\n<\/div><\/div><\/div><\/div><\/div><\/div><\/div><\/section><section class=\"l-section wpb_row height_medium mpc-row\"><div class=\"l-section-h i-cf\"><div class=\"g-cols vc_row via_flex valign_top type_default stacking_default\"><div class=\"vc_col-sm-12 wpb_column vc_column_container mpc-column\" data-column-id=\"mpc_column-1069f1d759106a9\"><div class=\"vc_column-inner\"><div class=\"wpb_wrapper\"><div class=\"wpb_text_column\"><div class=\"wpb_wrapper\"><h5>Nous recevons des produits de notre partenaire Kaiserkr&auml;uter ces mois-ci:<\/h5>\n<\/div><\/div><div class=\"w-separator size_custom\" style=\"height:30px\"><\/div><div class=\"w-image align_left\"><div class=\"w-image-h\"><img decoding=\"async\" width=\"1200\" height=\"800\" src=\"https:\/\/www.rinklin-naturkost.de\/wp-content\/uploads\/2021\/01\/RNK_OuG-Liefertabelle_Kaiserkraeuter-1.png\" class=\"attachment-full size-full\" alt=\"\" loading=\"lazy\" srcset=\"https:\/\/www.rinklin-naturkost.de\/wp-content\/uploads\/2021\/01\/RNK_OuG-Liefertabelle_Kaiserkraeuter-1.png 1200w, https:\/\/www.rinklin-naturkost.de\/wp-content\/uploads\/2021\/01\/RNK_OuG-Liefertabelle_Kaiserkraeuter-1-300x200.png 300w, https:\/\/www.rinklin-naturkost.de\/wp-content\/uploads\/2021\/01\/RNK_OuG-Liefertabelle_Kaiserkraeuter-1-600x400.png 600w, https:\/\/www.rinklin-naturkost.de\/wp-content\/uploads\/2021\/01\/RNK_OuG-Liefertabelle_Kaiserkraeuter-1-768x512.png 768w\" sizes=\"auto, (max-width: 1200px) 100vw, 1200px\"><\/div><\/div><\/div><\/div><\/div><\/div><\/div><\/section><section class=\"l-section wpb_row height_medium mpc-row\"><div class=\"l-section-h i-cf\"><div class=\"g-cols vc_row via_flex valign_top type_default stacking_default\"><div class=\"vc_col-sm-3 wpb_column vc_column_container mpc-column\" data-column-id=\"mpc_column-4169f1d75910a9e\"><div class=\"vc_column-inner\"><div class=\"wpb_wrapper\"><a href=\"\/lieferanten\" title=\"\" data-id=\"mpc_button-3169f1d75910a0a\" class=\"mpc-button mpc-init mpc-transition \"><div class=\"mpc-button__content mpc-effect-type--stay mpc-effect-side--left\"><i class=\"mpc-button__icon mpc-transition  fa fa-users\"><\/i><span class=\"mpc-button__title mpc-transition\">alle Lieferanten<\/span><\/div><div class=\"mpc-button__background mpc-transition mpc-effect-type--fade mpc-effect-side--in\"><\/div><\/a><\/div><\/div><\/div><div class=\"vc_col-sm-9 wpb_column vc_column_container mpc-column\" data-column-id=\"mpc_column-5669f1d75910c37\"><div class=\"vc_column-inner\"><div class=\"wpb_wrapper\"><a href=\"https:\/\/www.rinklin-naturkost.de\/obst-gemuese\/\" title=\"Obst und Gem&uuml;se\" data-id=\"mpc_button-1669f1d75910bcc\" class=\"mpc-button mpc-init mpc-transition \"><div class=\"mpc-button__content mpc-effect-type--stay mpc-effect-side--left\"><i class=\"mpc-button__icon mpc-transition  fa fa-pagelines\"><\/i><span class=\"mpc-button__title mpc-transition\">Wir lieben Regional! Unser Obst und Gem&uuml;se<\/span><\/div><div class=\"mpc-button__background mpc-transition mpc-effect-type--fade mpc-effect-side--in\"><\/div><\/a><\/div><\/div><\/div><\/div><\/div><\/section>\n","protected":false},"excerpt":{"rendered":"<p>La proximit\u00e9 et le fait de travailler ensemble depuis plus de 25 ans, nous y sommes attach\u00e9s et nous nous sentons redevables. <\/p>\n","protected":false},"author":14,"featured_media":0,"comment_status":"closed","ping_status":"closed","sticky":false,"template":"","format":"standard","meta":{"footnotes":""},"categories":[334],"tags":[469,497,457,478,481],"class_list":["post-31393","post","type-post","status-publish","format-standard","hentry","category-partenaires-regionaux","tag-chou-vert","tag-courge-dornement","tag-fleurs","tag-herbes-aromatiques","tag-oignons-verts"],"yoast_head":"<!-- This site is optimized with the Yoast SEO plugin v24.6 - https:\/\/yoast.com\/wordpress\/plugins\/seo\/ -->\n<title>Magdalena &amp; Sven Danzeisen \u2013 Kaiserkr\u00e4uter - Rinklin Naturkost<\/title>\n<meta name=\"description\" content=\"2,5 kilom\u00e8tres entre le champ et le grossiste, Rinklin Naturkost, c&#039;est vraiment formidable.\" \/>\n<meta name=\"robots\" content=\"index, follow, max-snippet:-1, max-image-preview:large, max-video-preview:-1\" \/>\n<link rel=\"canonical\" href=\"https:\/\/www.rinklin-naturkost.de\/fr\/blog\/2024\/11\/21\/magdalena-sven-danzeisen-kaiserkraeuter\/\" \/>\n<meta property=\"og:locale\" content=\"fr_FR\" \/>\n<meta property=\"og:type\" content=\"article\" \/>\n<meta property=\"og:title\" content=\"Magdalena &amp; Sven Danzeisen \u2013 Kaiserkr\u00e4uter - Rinklin Naturkost\" \/>\n<meta property=\"og:description\" content=\"2,5 kilom\u00e8tres entre le champ et le grossiste, Rinklin Naturkost, c&#039;est vraiment formidable.\" \/>\n<meta property=\"og:url\" content=\"https:\/\/www.rinklin-naturkost.de\/fr\/blog\/2024\/11\/21\/magdalena-sven-danzeisen-kaiserkraeuter\/\" \/>\n<meta property=\"og:site_name\" content=\"Rinklin Naturkost\" \/>\n<meta property=\"article:published_time\" content=\"2024-11-21T13:33:03+00:00\" \/>\n<meta property=\"article:modified_time\" content=\"2025-02-11T13:33:42+00:00\" \/>\n<meta name=\"author\" content=\"evahoefflingrether\" \/>\n<meta name=\"twitter:card\" content=\"summary_large_image\" \/>\n<meta name=\"twitter:label1\" content=\"\u00c9crit par\" \/>\n\t<meta name=\"twitter:data1\" content=\"evahoefflingrether\" \/>\n\t<meta name=\"twitter:label2\" content=\"Dur\u00e9e de lecture estim\u00e9e\" \/>\n\t<meta name=\"twitter:data2\" content=\"1 minute\" \/>\n<script type=\"application\/ld+json\" class=\"yoast-schema-graph\">{\"@context\":\"https:\/\/schema.org\",\"@graph\":[{\"@type\":\"WebPage\",\"@id\":\"https:\/\/www.rinklin-naturkost.de\/fr\/blog\/2024\/11\/21\/magdalena-sven-danzeisen-kaiserkraeuter\/\",\"url\":\"https:\/\/www.rinklin-naturkost.de\/fr\/blog\/2024\/11\/21\/magdalena-sven-danzeisen-kaiserkraeuter\/\",\"name\":\"Magdalena & Sven Danzeisen \u2013 Kaiserkr\u00e4uter - Rinklin Naturkost\",\"isPartOf\":{\"@id\":\"https:\/\/www.rinklin-naturkost.de\/#website\"},\"datePublished\":\"2024-11-21T13:33:03+00:00\",\"dateModified\":\"2025-02-11T13:33:42+00:00\",\"author\":{\"@id\":\"https:\/\/www.rinklin-naturkost.de\/#\/schema\/person\/e1b43119d1700cef615863a372f1ec67\"},\"description\":\"2,5 kilom\u00e8tres entre le champ et le grossiste, Rinklin Naturkost, c'est vraiment formidable.\",\"breadcrumb\":{\"@id\":\"https:\/\/www.rinklin-naturkost.de\/fr\/blog\/2024\/11\/21\/magdalena-sven-danzeisen-kaiserkraeuter\/#breadcrumb\"},\"inLanguage\":\"fr-FR\",\"potentialAction\":[{\"@type\":\"ReadAction\",\"target\":[\"https:\/\/www.rinklin-naturkost.de\/fr\/blog\/2024\/11\/21\/magdalena-sven-danzeisen-kaiserkraeuter\/\"]}]},{\"@type\":\"BreadcrumbList\",\"@id\":\"https:\/\/www.rinklin-naturkost.de\/fr\/blog\/2024\/11\/21\/magdalena-sven-danzeisen-kaiserkraeuter\/#breadcrumb\",\"itemListElement\":[{\"@type\":\"ListItem\",\"position\":1,\"name\":\"Accueil\",\"item\":\"https:\/\/www.rinklin-naturkost.de\/fr\/\"},{\"@type\":\"ListItem\",\"position\":2,\"name\":\"Magdalena &#038; Sven Danzeisen \u2013 Kaiserkr\u00e4uter\"}]},{\"@type\":\"WebSite\",\"@id\":\"https:\/\/www.rinklin-naturkost.de\/#website\",\"url\":\"https:\/\/www.rinklin-naturkost.de\/\",\"name\":\"Rinklin Naturkost\",\"description\":\"Der Bio-Gro\u00dfh\u00e4ndler vom Kaiserstuhl\",\"potentialAction\":[{\"@type\":\"SearchAction\",\"target\":{\"@type\":\"EntryPoint\",\"urlTemplate\":\"https:\/\/www.rinklin-naturkost.de\/?s={search_term_string}\"},\"query-input\":{\"@type\":\"PropertyValueSpecification\",\"valueRequired\":true,\"valueName\":\"search_term_string\"}}],\"inLanguage\":\"fr-FR\"},{\"@type\":\"Person\",\"@id\":\"https:\/\/www.rinklin-naturkost.de\/#\/schema\/person\/e1b43119d1700cef615863a372f1ec67\",\"name\":\"evahoefflingrether\",\"image\":{\"@type\":\"ImageObject\",\"inLanguage\":\"fr-FR\",\"@id\":\"https:\/\/www.rinklin-naturkost.de\/#\/schema\/person\/image\/\",\"url\":\"https:\/\/secure.gravatar.com\/avatar\/a61358b379e62ed813c54970a6b183a0?s=96&d=mm&r=g\",\"contentUrl\":\"https:\/\/secure.gravatar.com\/avatar\/a61358b379e62ed813c54970a6b183a0?s=96&d=mm&r=g\",\"caption\":\"evahoefflingrether\"},\"url\":\"https:\/\/www.rinklin-naturkost.de\/fr\/blog\/author\/evahoefflingrether\/\"}]}<\/script>\n<!-- \/ Yoast SEO plugin. -->","yoast_head_json":{"title":"Magdalena & Sven Danzeisen \u2013 Kaiserkr\u00e4uter - Rinklin Naturkost","description":"2,5 kilom\u00e8tres entre le champ et le grossiste, Rinklin Naturkost, c'est vraiment formidable.","robots":{"index":"index","follow":"follow","max-snippet":"max-snippet:-1","max-image-preview":"max-image-preview:large","max-video-preview":"max-video-preview:-1"},"canonical":"https:\/\/www.rinklin-naturkost.de\/fr\/blog\/2024\/11\/21\/magdalena-sven-danzeisen-kaiserkraeuter\/","og_locale":"fr_FR","og_type":"article","og_title":"Magdalena & Sven Danzeisen \u2013 Kaiserkr\u00e4uter - Rinklin Naturkost","og_description":"2,5 kilom\u00e8tres entre le champ et le grossiste, Rinklin Naturkost, c'est vraiment formidable.","og_url":"https:\/\/www.rinklin-naturkost.de\/fr\/blog\/2024\/11\/21\/magdalena-sven-danzeisen-kaiserkraeuter\/","og_site_name":"Rinklin Naturkost","article_published_time":"2024-11-21T13:33:03+00:00","article_modified_time":"2025-02-11T13:33:42+00:00","author":"evahoefflingrether","twitter_card":"summary_large_image","twitter_misc":{"\u00c9crit par":"evahoefflingrether","Dur\u00e9e de lecture estim\u00e9e":"1 minute"},"schema":{"@context":"https:\/\/schema.org","@graph":[{"@type":"WebPage","@id":"https:\/\/www.rinklin-naturkost.de\/fr\/blog\/2024\/11\/21\/magdalena-sven-danzeisen-kaiserkraeuter\/","url":"https:\/\/www.rinklin-naturkost.de\/fr\/blog\/2024\/11\/21\/magdalena-sven-danzeisen-kaiserkraeuter\/","name":"Magdalena & Sven Danzeisen \u2013 Kaiserkr\u00e4uter - Rinklin Naturkost","isPartOf":{"@id":"https:\/\/www.rinklin-naturkost.de\/#website"},"datePublished":"2024-11-21T13:33:03+00:00","dateModified":"2025-02-11T13:33:42+00:00","author":{"@id":"https:\/\/www.rinklin-naturkost.de\/#\/schema\/person\/e1b43119d1700cef615863a372f1ec67"},"description":"2,5 kilom\u00e8tres entre le champ et le grossiste, Rinklin Naturkost, c'est vraiment formidable.","breadcrumb":{"@id":"https:\/\/www.rinklin-naturkost.de\/fr\/blog\/2024\/11\/21\/magdalena-sven-danzeisen-kaiserkraeuter\/#breadcrumb"},"inLanguage":"fr-FR","potentialAction":[{"@type":"ReadAction","target":["https:\/\/www.rinklin-naturkost.de\/fr\/blog\/2024\/11\/21\/magdalena-sven-danzeisen-kaiserkraeuter\/"]}]},{"@type":"BreadcrumbList","@id":"https:\/\/www.rinklin-naturkost.de\/fr\/blog\/2024\/11\/21\/magdalena-sven-danzeisen-kaiserkraeuter\/#breadcrumb","itemListElement":[{"@type":"ListItem","position":1,"name":"Accueil","item":"https:\/\/www.rinklin-naturkost.de\/fr\/"},{"@type":"ListItem","position":2,"name":"Magdalena &#038; Sven Danzeisen \u2013 Kaiserkr\u00e4uter"}]},{"@type":"WebSite","@id":"https:\/\/www.rinklin-naturkost.de\/#website","url":"https:\/\/www.rinklin-naturkost.de\/","name":"Rinklin Naturkost","description":"Der Bio-Gro\u00dfh\u00e4ndler vom Kaiserstuhl","potentialAction":[{"@type":"SearchAction","target":{"@type":"EntryPoint","urlTemplate":"https:\/\/www.rinklin-naturkost.de\/?s={search_term_string}"},"query-input":{"@type":"PropertyValueSpecification","valueRequired":true,"valueName":"search_term_string"}}],"inLanguage":"fr-FR"},{"@type":"Person","@id":"https:\/\/www.rinklin-naturkost.de\/#\/schema\/person\/e1b43119d1700cef615863a372f1ec67","name":"evahoefflingrether","image":{"@type":"ImageObject","inLanguage":"fr-FR","@id":"https:\/\/www.rinklin-naturkost.de\/#\/schema\/person\/image\/","url":"https:\/\/secure.gravatar.com\/avatar\/a61358b379e62ed813c54970a6b183a0?s=96&d=mm&r=g","contentUrl":"https:\/\/secure.gravatar.com\/avatar\/a61358b379e62ed813c54970a6b183a0?s=96&d=mm&r=g","caption":"evahoefflingrether"},"url":"https:\/\/www.rinklin-naturkost.de\/fr\/blog\/author\/evahoefflingrether\/"}]}},"_links":{"self":[{"href":"https:\/\/www.rinklin-naturkost.de\/fr\/wp-json\/wp\/v2\/posts\/31393","targetHints":{"allow":["GET"]}}],"collection":[{"href":"https:\/\/www.rinklin-naturkost.de\/fr\/wp-json\/wp\/v2\/posts"}],"about":[{"href":"https:\/\/www.rinklin-naturkost.de\/fr\/wp-json\/wp\/v2\/types\/post"}],"author":[{"embeddable":true,"href":"https:\/\/www.rinklin-naturkost.de\/fr\/wp-json\/wp\/v2\/users\/14"}],"replies":[{"embeddable":true,"href":"https:\/\/www.rinklin-naturkost.de\/fr\/wp-json\/wp\/v2\/comments?post=31393"}],"version-history":[{"count":5,"href":"https:\/\/www.rinklin-naturkost.de\/fr\/wp-json\/wp\/v2\/posts\/31393\/revisions"}],"predecessor-version":[{"id":32611,"href":"https:\/\/www.rinklin-naturkost.de\/fr\/wp-json\/wp\/v2\/posts\/31393\/revisions\/32611"}],"wp:attachment":[{"href":"https:\/\/www.rinklin-naturkost.de\/fr\/wp-json\/wp\/v2\/media?parent=31393"}],"wp:term":[{"taxonomy":"category","embeddable":true,"href":"https:\/\/www.rinklin-naturkost.de\/fr\/wp-json\/wp\/v2\/categories?post=31393"},{"taxonomy":"post_tag","embeddable":true,"href":"https:\/\/www.rinklin-naturkost.de\/fr\/wp-json\/wp\/v2\/tags?post=31393"}],"curies":[{"name":"wp","href":"https:\/\/api.w.org\/{rel}","templated":true}]}}